{"id":501,"date":"2021-08-20T13:53:00","date_gmt":"2021-08-20T11:53:00","guid":{"rendered":"https:\/\/www.alles-bleibt-anders.org\/?p=501"},"modified":"2021-11-24T13:55:26","modified_gmt":"2021-11-24T12:55:26","slug":"anfrage-zum-plastikverbrauch-der-verwaltung","status":"publish","type":"post","link":"https:\/\/www.gruene-mkk.de\/cs\/anfrage-zum-plastikverbrauch-der-verwaltung\/","title":{"rendered":"\u017d\u00e1dost administrativy o spot\u0159ebu plast\u016f"},"content":{"rendered":"<p><strong>P\u0159edm\u011bt ot\u00e1zky:<\/strong><\/p>\n\n\n\n<p>Dne 31. srpna 2018 se okresn\u00ed rada rozhodla obej\u00edt se bez plastov\u00fdch v\u00fdrobk\u016f na jedno pou\u017eit\u00ed, kter\u00fdm se lze vyhnout, v budov\u00e1ch okresu, ve vlastn\u00edch spole\u010dnostech okresu a na akc\u00edch.<\/p>\n\n\n\n<p><strong>Ot\u00e1zky:<\/strong><\/p>\n\n\n\n<p><strong>Jak\u00e1 opat\u0159en\u00ed byla od t\u00e9 doby provedena<\/strong><\/p>\n\n\n\n<p><strong>a)&nbsp;&nbsp;&nbsp;&nbsp;&nbsp;&nbsp;<\/strong><strong>Z administrativy?<\/strong><\/p>\n\n\n\n<p><strong>Odpov\u011b\u010f:<\/strong><br>\u2013 Ovoce a obiloviny jsou nab\u00edzeny v\u00fdhradn\u011b ve sklenic\u00edch.<\/p>\n\n\n\n<p>\u2013 Sal\u00e1ty a dresinky \u201eto go\u201c jsou baleny do kompostovateln\u00fdch n\u00e1dob.<\/p>\n\n\n\n<p>\u2013 K\u00e1vov\u00e9 \u0161\u00e1lky se rovn\u011b\u017e vyd\u00e1vaj\u00ed jako kompostovateln\u00e9 n\u00e1doby.<\/p>\n\n\n\n<p>\u2013 Nab\u00edzen je d\u017eb\u00e1n MKK.<\/p>\n\n\n\n<p>\u2013 Je mo\u017en\u00e9 si nechat naplnit vlastn\u00ed \u0161\u00e1lky.<\/p>\n\n\n\n<p>\u2013 S v\u00fdjimkou ty\u010dinek na bonb\u00f3ny a sendvi\u010dov\u00fdch obal\u016f se ji\u017e nepou\u017e\u00edvaj\u00ed \u017e\u00e1dn\u00e9 plastov\u00e9 obaly.<\/p>\n\n\n\n<p><strong>b)&nbsp;&nbsp;&nbsp;&nbsp;&nbsp;&nbsp;<\/strong><strong>z vlastn\u00edch podnik\u016f okresu?<\/strong><\/p>\n\n\n\n<p><strong>Odpov\u011b\u010f:<\/strong><\/p>\n\n\n\n<p>P\u0159i shroma\u017e\u010fov\u00e1n\u00ed informac\u00ed byly vzaty v \u00favahu pouze okresn\u011b vlastn\u011bn\u00e9 spole\u010dnosti, kter\u00e9 maj\u00ed relevantn\u00ed potenci\u00e1l (nap\u0159. provozov\u00e1n\u00edm j\u00eddelny, gastronomie nebo p\u00e9\u010de o pacienty) a jsou v\u011bt\u0161inou ve vlastnictv\u00ed Main-Kinzig-Kreis.&nbsp;&nbsp;<\/p>\n\n\n\n<p><strong>Odpov\u011b\u010f aQa gGmbH<\/strong><\/p>\n\n\n\n<p>\u2013 V co nejv\u011bt\u0161\u00ed m\u00ed\u0159e \u017e\u00e1dn\u00e1 balen\u00ed porc\u00ed<\/p>\n\n\n\n<p>\u2013 V\u00fddej potravin se prov\u00e1d\u00ed v jednor\u00e1zov\u00fdch obalech neobsahuj\u00edc\u00edch PVC za p\u0159\u00edplatek nebo v opakovan\u011b pou\u017eiteln\u00e9m z\u00e1lohovac\u00edm syst\u00e9mu.<\/p>\n\n\n\n<p>\u2013 Distribuce studen\u00fdch n\u00e1poj\u016f se z velk\u00e9 \u010d\u00e1sti prov\u00e1d\u00ed v opakovan\u011b pou\u017eiteln\u00fdch syst\u00e9mech.<\/p>\n\n\n\n<p>\u2013 Je mo\u017en\u00e9 si nechat naplnit vlastn\u00ed \u0161\u00e1lky.<\/p>\n\n\n\n<p><strong>Odpov\u011b\u010f APZ gGmbH<\/strong><\/p>\n\n\n\n<p>\u2013 Pln\u011bny jsou pouze vlastn\u00ed \u0161\u00e1lky\/br\u00fdle. (v\u0161echny tepl\u00e9 a studen\u00e9 n\u00e1poje)<\/p>\n\n\n\n<p>\u2013 Vyh\u00fdb\u00e1n\u00ed se mal\u00fdm n\u00e1dob\u00e1m p\u0159i poskytov\u00e1n\u00ed potravin obyvatel\u016fm, do\u0161lo k p\u0159em\u011bn\u011b na velk\u00e9 n\u00e1doby<\/p>\n\n\n\n<p>\u2013 T\u00e9m\u011b\u0159 bez v\u00fdjimky se na akc\u00edch (letn\u00ed ve\u010d\u00edrek, v\u00e1no\u010dn\u00ed ve\u010d\u00edrek, firemn\u00ed v\u00fdlety atd.) pou\u017e\u00edv\u00e1 opakovan\u011b pou\u017eiteln\u00e9 n\u00e1dob\u00ed a p\u0159\u00edbory.<\/p>\n\n\n\n<p>\u2013 Je-li stoln\u00ed n\u00e1dob\u00ed na jedno pou\u017eit\u00ed (v\u00fdjime\u010dn\u00fd p\u0159\u00edpad), je k dispozici bambusov\u00fd materi\u00e1l.<\/p>\n\n\n\n<p>\u2013 Zvy\u0161ovat pov\u011bdom\u00ed zam\u011bstnanc\u016f o v\u00fdrobc\u00edch na jedno pou\u017eit\u00ed, kter\u00fdm se lze vyhnout, b\u011bhem procesu objedn\u00e1v\u00e1n\u00ed.<\/p>\n\n\n\n<p>\u2013 Zah\u00e1jen\u00ed projektu Climate Saviour s c\u00edlem zv\u00fd\u0161it pov\u011bdom\u00ed, informovanost a odbornou p\u0159\u00edpravu zam\u011bstnanc\u016f<\/p>\n\n\n\n<p>Pozn\u00e1mka: Velk\u00e9 \u010d\u00e1sti plastov\u00e9ho nebo obalov\u00e9ho odpadu nelze v r\u00e1mci p\u00e9\u010de o seniory zabr\u00e1nit, zejm\u00e9na b\u011bhem koronavirov\u00e9 pandemie, a to pouze z hygienick\u00fdch d\u016fvod\u016f.<\/p>\n\n\n\n<p><strong>Odpov\u011bd\u011bt Vlastn\u00ed za\u0159\u00edzen\u00ed pro ml\u00e1de\u017e a voln\u00fd \u010das<\/strong><\/p>\n\n\n\n<p>\u2013 EB JFE pou\u017e\u00edv\u00e1 pouze opakovan\u011b pou\u017eiteln\u00e9 stoln\u00ed n\u00e1dob\u00ed a p\u0159\u00edbory.<\/p>\n\n\n\n<p>\u2013 Mo\u017enost pln\u011bn\u00ed\/pou\u017eit\u00ed vlastn\u00edch \u0161\u00e1lk\u016f\/poh\u00e1rk\u016f\/plechovek.<\/p>\n\n\n\n<p>\u2013 N\u00e1kup velk\u00fdch kontejner\u016f a souvisej\u00edc\u00ed omezen\u00ed nebo rozs\u00e1hl\u00e9 z\u0159eknut\u00ed se plastov\u00fdch obal\u016f na jedno pou\u017eit\u00ed \/ obal\u016f na jedno pou\u017eit\u00ed a porc\u00ed v odv\u011btv\u00ed stravovac\u00edch slu\u017eeb (\u010d\u00e1ste\u010dn\u011b pozastaveno v souvislosti s koronavirovou pandemi\u00ed z hygienick\u00fdch d\u016fvod\u016f).<\/p>\n\n\n\n<p>\u2013 N\u00e1kup\/prodej n\u00e1poj\u016f v opakovan\u011b pou\u017eiteln\u00fdch lahv\u00edch<\/p>\n\n\n\n<p>\u2013 Zvy\u0161ovat pov\u011bdom\u00ed zam\u011bstnanc\u016f o v\u00fdrobc\u00edch na jedno pou\u017eit\u00ed, kter\u00fdm se lze vyhnout, b\u011bhem procesu objedn\u00e1v\u00e1n\u00ed.<\/p>\n\n\n\n<p>\u2013 Pl\u00e1novan\u00e1 kvalifikace zam\u011bstnance EB jako \u201e\u00fa\u0159edn\u00edka pro udr\u017eitelnost v oblasti spole\u010dn\u00e9ho stravov\u00e1n\u00ed\u201c; 8 modul\u016f s celkem 71 \u0161kolic\u00edmi jednotkami (av\u0161ak zru\u0161en\u00fdch v roce 2020\/2021 v d\u016fsledku koronavirov\u00e9 n\u00e1kazy bude p\u0159esunuto na rok 2022).<\/p>\n\n\n\n<p>\u2013 N\u00e1kup velk\u00fdch kontejner\u016f v dom\u00e1c\u00edm\/technick\u00e9m sektoru a souvisej\u00edc\u00ed integrace d\u00e1vkovac\u00edch syst\u00e9m\u016f (nap\u0159. detergent\u016f, provozn\u00edch materi\u00e1l\u016f baz\u00e9n\u016f).<\/p>\n\n\n\n<p><strong>Odpov\u011b\u010f Main-Kinzig kliniky<\/strong><\/p>\n\n\n\n<p>\u2013 V kav\u00e1rn\u00e1ch ji\u017e nejsou \u017e\u00e1dn\u00e9 jednor\u00e1zov\u00e9 \u0161\u00e1lky na k\u00e1vu.<\/p>\n\n\n\n<p>\u2013 Je mo\u017en\u00e9 si nechat naplnit sv\u016fj vlastn\u00ed \u0161\u00e1lek k\u00e1vy.<\/p>\n\n\n\n<p>\u2013 Pou\u017eije se MK-Krug (nebo pl\u00e1novan\u00fd depozitn\u00ed syst\u00e9m MK Kreis).<\/p>\n\n\n\n<p>\u2013 Restituce vzork\u016f se bal\u00ed do kompostovateln\u00fdch n\u00e1dob.<\/p>\n\n\n\n<p>\u2013 D\u017eemy, pomaz\u00e1nky, kondenzovan\u00e9 ml\u00e9ko, jogurty, pudinky, \u010dokol\u00e1dov\u00e9 ty\u010dinky, sendvi\u010de v jednor\u00e1zov\u00fdch obalech z hygienick\u00fdch d\u016fvod\u016f.<\/p>\n\n\n\n<p>\u2013 Sal\u00e1ty v j\u00eddeln\u011b jsou nab\u00edzeny ve sklen\u011bn\u00fdch m\u00eds\u00e1ch.<\/p>\n\n\n\n<p>\u2013 Sal\u00e1ty ur\u010den\u00e9 k p\u00e9\u010di o pacienty jsou baleny do opakovan\u011b pou\u017eiteln\u00fdch t\u00e1c\u016f nebo kompostovateln\u00fdch n\u00e1dob.<\/p>\n\n\n\n<p>\u2013 Na stanic\u00edch jsou d\u0159ev\u011bn\u00e9 m\u00edchac\u00ed ty\u010dinky<\/p>\n\n\n\n<p>\u2013 V p\u0159\u00edpad\u011b pot\u0159eby se pou\u017e\u00edv\u00e1 opakovan\u011b pou\u017eiteln\u00e9 stoln\u00ed n\u00e1dob\u00ed nebo biologicky rozlo\u017eiteln\u00e9 stoln\u00ed n\u00e1dob\u00ed (palmov\u00fd list atd.).<\/p>\n\n\n\n<p>\u2013 V\u0161echny misky ToGo v j\u00eddeln\u011b jsou kompostovateln\u00e9<\/p>\n\n\n\n<p>Pozn\u00e1mka: V oblasti l\u00e9ka\u0159sk\u00e9 p\u00e9\u010de o pacienty nelze z hygienick\u00fdch d\u016fvod\u016f od jednor\u00e1zov\u00fdch obal\u016f upustit. Pokud je to mo\u017en\u00e9, budou recyklov\u00e1ny. V n\u011bkter\u00fdch p\u0159\u00edpadech v\u0161ak mus\u00ed b\u00fdt pou\u017eity pro tepeln\u00e9 vyu\u017eit\u00ed jako sou\u010d\u00e1st nemocni\u010dn\u00edho odpadu.<\/p>\n\n\n\n<p><strong>Odpov\u011b\u010f Kreiswerke Main-Kinzig GmbH<\/strong><\/p>\n\n\n\n<p>\u2013 V\u00fdhradn\u00ed pou\u017eit\u00ed opakovan\u011b pou\u017eiteln\u00e9ho stoln\u00edho n\u00e1dob\u00ed a n\u00e1\u010din\u00ed<\/p>\n\n\n\n<p>\u2013 Cukrov\u00e9 plechovky nam\u00edsto balen\u00fdch cukern\u00fdch ty\u010dinek<\/p>\n\n\n\n<p>\u2013 Ji\u017e ne jednotliv\u00e9 plechovky na ml\u00e9ko, ale d\u017eb\u00e1ny na ml\u00e9ko<\/p>\n\n\n\n<p>\u2013 P\u0159\u00edrodn\u00ed jutov\u00e9 s\u00e1\u010dky nam\u00edsto plastov\u00fdch s\u00e1\u010dk\u016f<\/p>\n\n\n\n<p>\u2013 \u017d\u00e1dn\u00e9 dal\u0161\u00ed balen\u00e9 su\u0161enky atd. pro stravov\u00e1n\u00ed<\/p>\n\n\n\n<p>\u2013 Plastov\u00e9 obaly po IT p\u0159e\u0161ly na p\u0159\u00edrodn\u00ed pap\u00edrov\u00e9 obaly<\/p>\n\n\n\n<p><strong>c)&nbsp;&nbsp;&nbsp;&nbsp;&nbsp;&nbsp;&nbsp;<\/strong><strong>na akc\u00edch?<\/strong><\/p>\n\n\n\n<p><strong>Odpov\u011b\u010f:<\/strong><\/p>\n\n\n\n<p>Pou\u017e\u00edvaj\u00ed se opakovan\u011b pou\u017eiteln\u00e9 n\u00e1dob\u00ed.<\/p>\n\n\n\n<p><strong>Kolik kilogram\u016f plastov\u00e9ho odpadu podle odhad\u016f krajsk\u00e9 spr\u00e1vy vyprodukuje?<\/strong><\/p>\n\n\n\n<p><strong>Odpov\u011b\u010f:<\/strong><\/p>\n\n\n\n<p>Vzhledem k tomu, \u017ee plastov\u00fd odpad nen\u00ed zv\u00e1\u017een, nelze uv\u00e9st \u017e\u00e1dn\u00e9 informace o hmotnosti.<\/p>\n\n\n\n<p>Na administrativn\u00edch m\u00edstech je celkem 17 kontejner\u016f o kapacit\u011b 1,1 m3 ka\u017ed\u00fd, kter\u00e9 jsou vypr\u00e1zdn\u011bny m\u011bs\u00ed\u010dn\u011b.<\/p>\n\n\n\n<p><strong>Jsou pl\u00e1nov\u00e1na dal\u0161\u00ed opat\u0159en\u00ed, kter\u00e1 by zabr\u00e1nila plastov\u00fdm v\u00fdrobk\u016fm na jedno pou\u017eit\u00ed?<\/strong><\/p>\n\n\n\n<p><strong>Odpov\u011b\u010f:<\/strong><\/p>\n\n\n\n<p>V sou\u010dasn\u00e9 dob\u011b se nepl\u00e1nuj\u00ed \u017e\u00e1dn\u00e1 dal\u0161\u00ed opat\u0159en\u00ed.<\/p>\n\n\n\n<p><strong>Existuj\u00ed \u0161kolen\u00ed pro zam\u011bstnance o tom, jak lze pracovi\u0161t\u011b ekologicky koncipovat prost\u0159ednictv\u00edm opat\u0159en\u00ed na ochranu klimatu a \u017eivotn\u00edho prost\u0159ed\u00ed?<\/strong><\/p>\n\n\n\n<p><strong>Odpov\u011b\u010f:<\/strong><\/p>\n\n\n\n<p>Ne, nen\u00ed.<\/p>","protected":false},"excerpt":{"rendered":"<p>P\u0159edm\u011bt ot\u00e1zky: Dne 31. srpna 2018 se okresn\u00ed rada rozhodla obej\u00edt se bez plastov\u00fdch v\u00fdrobk\u016f na jedno pou\u017eit\u00ed, kter\u00fdm se lze vyhnout, v budov\u00e1ch okresu, ve vlastn\u00edch spole\u010dnostech okresu a na akc\u00edch. Ot\u00e1zky: Jak\u00e1 opat\u0159en\u00ed byla p\u0159ijata od [...]<\/p>","protected":false},"author":-1,"featured_media":0,"comment_status":"open","ping_status":"open","sticky":false,"template":"","format":"standard","meta":{"footnotes":""},"categories":[9],"tags":[],"class_list":["post-501","post","type-post","status-publish","format-standard","hentry","category-antraege-und-anfragen"],"_links":{"self":[{"href":"https:\/\/www.gruene-mkk.de\/cs\/wp-json\/wp\/v2\/posts\/501","targetHints":{"allow":["GET"]}}],"collection":[{"href":"https:\/\/www.gruene-mkk.de\/cs\/wp-json\/wp\/v2\/posts"}],"about":[{"href":"https:\/\/www.gruene-mkk.de\/cs\/wp-json\/wp\/v2\/types\/post"}],"author":[{"embeddable":true,"href":"https:\/\/www.gruene-mkk.de\/cs\/wp-json\/wp\/v2\/users\/2"}],"replies":[{"embeddable":true,"href":"https:\/\/www.gruene-mkk.de\/cs\/wp-json\/wp\/v2\/comments?post=501"}],"version-history":[{"count":1,"href":"https:\/\/www.gruene-mkk.de\/cs\/wp-json\/wp\/v2\/posts\/501\/revisions"}],"predecessor-version":[{"id":502,"href":"https:\/\/www.gruene-mkk.de\/cs\/wp-json\/wp\/v2\/posts\/501\/revisions\/502"}],"wp:attachment":[{"href":"https:\/\/www.gruene-mkk.de\/cs\/wp-json\/wp\/v2\/media?parent=501"}],"wp:term":[{"taxonomy":"category","embeddable":true,"href":"https:\/\/www.gruene-mkk.de\/cs\/wp-json\/wp\/v2\/categories?post=501"},{"taxonomy":"post_tag","embeddable":true,"href":"https:\/\/www.gruene-mkk.de\/cs\/wp-json\/wp\/v2\/tags?post=501"}],"curies":[{"name":"wp","href":"https:\/\/api.w.org\/{rel}","templated":true}]}}