{"id":499,"date":"2021-07-23T13:52:00","date_gmt":"2021-07-23T11:52:00","guid":{"rendered":"https:\/\/www.alles-bleibt-anders.org\/?p=499"},"modified":"2021-11-24T13:53:01","modified_gmt":"2021-11-24T12:53:01","slug":"anfrage-zum-radwegekonzept-zusatzfragen","status":"publish","type":"post","link":"https:\/\/www.gruene-mkk.de\/cs\/anfrage-zum-radwegekonzept-zusatzfragen\/","title":{"rendered":"Ot\u00e1zka t\u00fdkaj\u00edc\u00ed se koncepce cyklostezky \u2013 dopl\u0148uj\u00edc\u00ed ot\u00e1zky"},"content":{"rendered":"<p><strong>P\u0159edm\u011bt ot\u00e1zky:<\/strong><\/p>\n\n\n\n<p>V srpnu 2019 byla okresn\u00ed rad\u011b p\u0159edstavena koncepce cyklostezky s 90 opat\u0159en\u00edmi. \u0160esti opat\u0159en\u00edm byla d\u00e1na priorita A a \u0161esti opat\u0159en\u00edm priorita B. Okresn\u00ed v\u00fdbor prohl\u00e1sil, \u017ee nechce \u017e\u00e1dn\u00e9 z opat\u0159en\u00ed prov\u00e1d\u011bt, a nam\u00edsto toho nyn\u00ed vypracoval novou \u201ekoncepci dopravy nap\u0159\u00ed\u010d stavebn\u00edm cyklem\u201c.<\/p>\n\n\n\n<p><br><strong>Ot\u00e1zky:<\/strong><\/p>\n\n\n\n<p>1. Z jak\u00e9ho d\u016fvodu nebylo dnes realizov\u00e1no \u017e\u00e1dn\u00e9 z opat\u0159en\u00ed z koncepce vytvo\u0159en\u00e9 kruhem a byla zad\u00e1na druh\u00e1 koncepce?<\/p>\n\n\n\n<p>Odpov\u011b\u010f:<\/p>\n\n\n\n<p>Koncepce cyklistiky pod\u00e9l okresn\u00edch silnic v okrese Main-Kinzig odkazuje na tuto ot\u00e1zku v bod\u011b 1.3 (citace):<\/p>\n\n\n\n<p>\u201eV\u00fdznam cyklistick\u00e9ho spojen\u00ed lze posoudit pouze tehdy, vezme-li se v \u00favahu cel\u00e9 spojen\u00ed mezi zdrojem a c\u00edlem. V t\u00e9to studii je popt\u00e1vka po cyklostezce na kruhov\u00e9 silnici ur\u010dena a vyhodnocena pomoc\u00ed vztah\u016f zdroj-c\u00edl (objem doj\u00ed\u017ed\u011bn\u00ed, studentsk\u00fd provoz atd.). Nep\u0159etr\u017eit\u00e1 \u00favaha o nosi\u010di n\u00e1kladu nap\u0159\u00ed\u010d konstrukc\u00ed se neuskute\u010d\u0148uje. V d\u016fsledku toho se doporu\u010duj\u00ed struktur\u00e1ln\u00ed cyklostezky na okresn\u00edch silnic\u00edch, kter\u00e9 jsou obt\u00ed\u017en\u011b dosa\u017eiteln\u00e9 z d\u016fvodu neexistence n\u00e1sledn\u00fdch cyklostezek pod\u00e9l feder\u00e1ln\u00edch, st\u00e1tn\u00edch nebo obecn\u00edch silnic.\u201c<\/p>\n\n\n\n<p>V bod\u011b 6.2 \u201eDal\u0161\u00ed kroky\u201c odkazuje koncepce cyklistiky pod\u00e9l okru\u017en\u00edch silnic na bod 1.3 a pokra\u010duje (citace):<\/p>\n\n\n\n<p>&nbsp;\u201eOdd\u00edl 1.3 popisuje zvl\u00e1\u0161tn\u00ed povahu \u00fakolu. Zvl\u00e1\u0161tn\u00ed v\u00fdzvou je v\u00fdhradn\u00ed zohledn\u011bn\u00ed okresn\u00edch silnic, ani\u017e by byly zasazeny do s\u00ed\u0165ov\u00e9ho kontextu. V p\u0159\u00edpadech uveden\u00fdch v bod\u011b 1.3 to vede k naru\u0161en\u00ed p\u0159i posuzov\u00e1n\u00ed opat\u0159en\u00ed a stanovov\u00e1n\u00ed jejich priorit. Krom\u011b toho se nehled\u00e1 \u017e\u00e1dn\u00e9 zlep\u0161en\u00ed pro velk\u00e9 \u010d\u00e1sti okresu, kter\u00e9 jsou mimo vy\u0161lapanou cestu.<\/p>\n\n\n\n<p>Jako dal\u0161\u00ed krok se na z\u00e1klad\u011b t\u00e9to studie doporu\u010duje vypracovat holistick\u00fd koncept cyklistiky s v\u00edce nosi\u010di.\u201c<\/p>\n\n\n\n<p>Toto doporu\u010den\u00ed bylo schv\u00e1leno okresn\u00edm v\u00fdborem, finan\u010dn\u00ed prost\u0159edky ve v\u00fd\u0161i 70% vyzval k \u00fahrad\u011b celkov\u00fdch n\u00e1klad\u016f a v listopadu 2020 vydal pl\u00e1novac\u00ed p\u0159\u00edkaz k vytvo\u0159en\u00ed konceptu cyklistick\u00e9 nosn\u00e9 konstrukce s p\u0159\u00ed\u010dn\u00fdm zat\u00ed\u017een\u00edm.&nbsp;&nbsp;<\/p>\n\n\n\n<p>2. Jak\u00e9 dal\u0161\u00ed poznatky kruh o\u010dek\u00e1v\u00e1 od vypracov\u00e1n\u00ed nov\u00e9ho konceptu \"cross-vehicle cycling\"? M\u011bla by b\u00fdt z t\u00e9to koncepce provedena opat\u0159en\u00ed?<\/p>\n\n\n\n<p>Odpov\u011b\u010f:<\/p>\n\n\n\n<p>S odkazem na p\u0159ipom\u00ednky k ot\u00e1zce \u010d. 1 okresn\u00ed v\u00fdbor o\u010dek\u00e1v\u00e1, \u017ee nov\u00e1 koncepce cyklistiky bude konzistentn\u00edm, pr\u016f\u0159ezov\u00fdm nosn\u00fdm p\u0159\u00edstupem. S touto koncepc\u00ed pak bude mo\u017en\u00e9 v r\u00e1mci okresu Main-Kinzig realizovat pl\u00e1nov\u00e1n\u00ed a realizaci cyklostezek \u201ez jedin\u00e9ho zdroje\u201c spolu se v\u0161emi nosi\u010di stavebn\u00edho zat\u00ed\u017een\u00ed, kter\u00e9 budou zapojeny.<\/p>","protected":false},"excerpt":{"rendered":"<p>P\u0159edm\u011bt ot\u00e1zky: V srpnu 2019 byla okresn\u00ed rad\u011b p\u0159edstavena koncepce cyklostezky s 90 opat\u0159en\u00edmi. Pouze \u0161est akc\u00ed z\u00edskalo prioritu A a \u0161est akc\u00ed z\u00edskalo prioritu B. [...]<\/p>","protected":false},"author":-1,"featured_media":0,"comment_status":"open","ping_status":"open","sticky":false,"template":"","format":"standard","meta":{"footnotes":""},"categories":[9],"tags":[],"class_list":["post-499","post","type-post","status-publish","format-standard","hentry","category-antraege-und-anfragen"],"_links":{"self":[{"href":"https:\/\/www.gruene-mkk.de\/cs\/wp-json\/wp\/v2\/posts\/499","targetHints":{"allow":["GET"]}}],"collection":[{"href":"https:\/\/www.gruene-mkk.de\/cs\/wp-json\/wp\/v2\/posts"}],"about":[{"href":"https:\/\/www.gruene-mkk.de\/cs\/wp-json\/wp\/v2\/types\/post"}],"author":[{"embeddable":true,"href":"https:\/\/www.gruene-mkk.de\/cs\/wp-json\/wp\/v2\/users\/2"}],"replies":[{"embeddable":true,"href":"https:\/\/www.gruene-mkk.de\/cs\/wp-json\/wp\/v2\/comments?post=499"}],"version-history":[{"count":1,"href":"https:\/\/www.gruene-mkk.de\/cs\/wp-json\/wp\/v2\/posts\/499\/revisions"}],"predecessor-version":[{"id":500,"href":"https:\/\/www.gruene-mkk.de\/cs\/wp-json\/wp\/v2\/posts\/499\/revisions\/500"}],"wp:attachment":[{"href":"https:\/\/www.gruene-mkk.de\/cs\/wp-json\/wp\/v2\/media?parent=499"}],"wp:term":[{"taxonomy":"category","embeddable":true,"href":"https:\/\/www.gruene-mkk.de\/cs\/wp-json\/wp\/v2\/categories?post=499"},{"taxonomy":"post_tag","embeddable":true,"href":"https:\/\/www.gruene-mkk.de\/cs\/wp-json\/wp\/v2\/tags?post=499"}],"curies":[{"name":"wp","href":"https:\/\/api.w.org\/{rel}","templated":true}]}}