{"id":484,"date":"2021-06-11T13:33:00","date_gmt":"2021-06-11T11:33:00","guid":{"rendered":"https:\/\/www.alles-bleibt-anders.org\/?p=484"},"modified":"2024-09-05T14:42:06","modified_gmt":"2024-09-05T12:42:06","slug":"anfrage-zur-akademie-fuer-gesundheit-und-pflege","status":"publish","type":"post","link":"https:\/\/www.gruene-mkk.de\/cs\/anfrage-zur-akademie-fuer-gesundheit-und-pflege\/","title":{"rendered":"Vy\u0161et\u0159ov\u00e1n\u00ed na Akademii zdravotnictv\u00ed a p\u00e9\u010de"},"content":{"rendered":"<p><strong>P\u0159edm\u011bt ot\u00e1zky:<\/strong><\/p>\n\n\n\n<p>Dne 25. z\u00e1\u0159\u00ed 2020 okresn\u00ed rada rozhodla, \u017ee ve vzd\u011bl\u00e1vac\u00ed budov\u011b vzd\u011bl\u00e1vac\u00edch partner\u016f Main-Kinzig by m\u011blo b\u00fdt vybudov\u00e1no samostatn\u00e9 m\u00edsto pro Akademii pro zdrav\u00ed a p\u00e9\u010di v Gelnhausenu.<\/p>\n\n\n\n<p><strong>Ot\u00e1zky:<\/strong><\/p>\n\n\n\n<p>1. Jak\u00e9 kroky byly podniknuty od rozhodnut\u00ed okresn\u00edho zastupitelstva?<\/p>\n\n\n\n<p>Od rozhodnut\u00ed okresn\u00ed rady o lokalit\u011b Gelnhausen byl vypracov\u00e1n prvn\u00ed n\u00e1vrh na prodlou\u017een\u00ed v Bildungshausu. V sou\u010dasn\u00e9 dob\u011b se dokon\u010duje nezbytn\u00e9 \u00fazemn\u00ed pl\u00e1nov\u00e1n\u00ed. Sou\u010dasn\u011b se pracuje na spole\u010dn\u00e9m IT \u0159e\u0161en\u00ed, kter\u00e9 je nezbytn\u00e9 pro provoz Main-Kinzig-Akademie. Za \u00fa\u010delem prov\u00e1d\u011bn\u00ed nov\u00e9 spole\u010dn\u00e9 odborn\u00e9 p\u0159\u00edpravy byly od lo\u0148sk\u00e9ho roku pod v\u011bdeck\u00fdm dohledem vypracov\u00e1ny spole\u010dn\u00e9 osnovy. Navzdory slo\u017eitosti praktick\u00e9ho v\u00fdcviku by ji\u017e v lo\u0148sk\u00e9m roce mohla b\u00fdt realizov\u00e1na rozs\u00e1hl\u00e1 \u0161kolic\u00ed s\u00ed\u0165 s mnoha partnery.<\/p>\n\n\n\n<p><br>2. Kdy se o\u010dek\u00e1v\u00e1, \u017ee bude dokon\u010dena Akademie zdravotnictv\u00ed a p\u00e9\u010de?<\/p>\n\n\n\n<p>Vzhledem k otev\u0159en\u00e9 ot\u00e1zce financov\u00e1n\u00ed a pr\u00e1vn\u00edmu r\u00e1mci nen\u00ed v sou\u010dasn\u00e9 dob\u011b datum dokon\u010den\u00ed stanoveno s kone\u010dnou platnost\u00ed.<\/p>\n\n\n\n<p><br>3. Jak\u00e9 celkov\u00e9 n\u00e1klady byly p\u016fvodn\u011b odhadnuty pro tento \u00fa\u010del?<\/p>\n\n\n\n<p>Odhad n\u00e1klad\u016f architektonick\u00e9 firmy Rack\/Gelnhausen na n\u00e1vrh slou\u017e\u00ed jako reference pro n\u00e1kladov\u00e9 v\u00fddaje. N\u00e1klady v sou\u010dasn\u00e9 dob\u011b \u010din\u00ed p\u0159ibli\u017en\u011b 16,5 milionu EUR bez p\u016fdy.<\/p>\n\n\n\n<p>a. Lze o\u010dek\u00e1vat, \u017ee celkov\u00e9 n\u00e1klady budou vy\u0161\u0161\u00ed ne\u017e odhadovan\u00e1 \u010d\u00e1stka?<\/p>\n\n\n\n<p>i. Pokud ano, jak\u00e9 dodate\u010dn\u00e9 n\u00e1klady spr\u00e1vn\u00ed org\u00e1n o\u010dek\u00e1v\u00e1?<\/p>\n\n\n\n<p>P\u0159i zah\u00e1jen\u00ed v\u00fdstavby v roce 2023 se odhadovan\u00e9 zv\u00fd\u0161en\u00ed cen zv\u00fd\u0161\u00ed o 3\u20136% 17,5 a\u017e 18,5 milionu EUR ro\u010dn\u011b.<\/p>\n\n\n\n<p><br>ii) Pokud ano, pro\u010d tyto dodate\u010dn\u00e9 n\u00e1klady vznikaj\u00ed?<\/p>\n\n\n\n<p>Vzhledem k aktu\u00e1ln\u00edm volatiln\u00edm podm\u00ednk\u00e1m (nap\u0159. nedostatek surovin) ve stavebnictv\u00ed, lze tento odhad prov\u00e9st pouze zhruba.<\/p>\n\n\n\n<p><br>4. Je pozice \u0159editele ji\u017e obsazena?<\/p>\n\n\n\n<p>Linka byla znovu obsazena od 01.04.2021. Pracovn\u00edk Reinhard Baum pracuje ji\u017e n\u011bkolik desetilet\u00ed jako mana\u017eer odborn\u00e9ho o\u0161et\u0159ovatelsk\u00e9ho vzd\u011bl\u00e1v\u00e1n\u00ed. Jako dipl. Firemn\u00ed pedagog a kandidatura. MA v oblasti veden\u00ed a kou\u010dov\u00e1n\u00ed, je dob\u0159e vybaven pro tuto pozici.<\/p>","protected":false},"excerpt":{"rendered":"<p>P\u0159edm\u011bt ot\u00e1zky: Dne 25. z\u00e1\u0159\u00ed 2020 okresn\u00ed rada rozhodla, \u017ee Akademie pro zdrav\u00ed a p\u00e9\u010di vybuduje vlastn\u00ed s\u00eddlo v Gelnhausenu ve vzd\u011bl\u00e1vac\u00ed budov\u011b vzd\u011bl\u00e1vac\u00edch partner\u016f Main-Kinzig.<\/p>","protected":false},"author":-1,"featured_media":0,"comment_status":"open","ping_status":"open","sticky":false,"template":"","format":"standard","meta":{"footnotes":""},"categories":[9],"tags":[],"class_list":["post-484","post","type-post","status-publish","format-standard","hentry","category-antraege-und-anfragen"],"_links":{"self":[{"href":"https:\/\/www.gruene-mkk.de\/cs\/wp-json\/wp\/v2\/posts\/484","targetHints":{"allow":["GET"]}}],"collection":[{"href":"https:\/\/www.gruene-mkk.de\/cs\/wp-json\/wp\/v2\/posts"}],"about":[{"href":"https:\/\/www.gruene-mkk.de\/cs\/wp-json\/wp\/v2\/types\/post"}],"author":[{"embeddable":true,"href":"https:\/\/www.gruene-mkk.de\/cs\/wp-json\/wp\/v2\/users\/2"}],"replies":[{"embeddable":true,"href":"https:\/\/www.gruene-mkk.de\/cs\/wp-json\/wp\/v2\/comments?post=484"}],"version-history":[{"count":1,"href":"https:\/\/www.gruene-mkk.de\/cs\/wp-json\/wp\/v2\/posts\/484\/revisions"}],"predecessor-version":[{"id":485,"href":"https:\/\/www.gruene-mkk.de\/cs\/wp-json\/wp\/v2\/posts\/484\/revisions\/485"}],"wp:attachment":[{"href":"https:\/\/www.gruene-mkk.de\/cs\/wp-json\/wp\/v2\/media?parent=484"}],"wp:term":[{"taxonomy":"category","embeddable":true,"href":"https:\/\/www.gruene-mkk.de\/cs\/wp-json\/wp\/v2\/categories?post=484"},{"taxonomy":"post_tag","embeddable":true,"href":"https:\/\/www.gruene-mkk.de\/cs\/wp-json\/wp\/v2\/tags?post=484"}],"curies":[{"name":"wp","href":"https:\/\/api.w.org\/{rel}","templated":true}]}}