{"id":481,"date":"2021-06-06T13:30:00","date_gmt":"2021-06-06T11:30:00","guid":{"rendered":"https:\/\/www.alles-bleibt-anders.org\/?p=481"},"modified":"2021-11-24T13:33:12","modified_gmt":"2021-11-24T12:33:12","slug":"anfrage-zum-schulentwicklungsplan","status":"publish","type":"post","link":"https:\/\/www.gruene-mkk.de\/cs\/anfrage-zum-schulentwicklungsplan\/","title":{"rendered":"Dotaz ohledn\u011b pl\u00e1nu rozvoje \u0161koly"},"content":{"rendered":"<p><strong>P\u0159edm\u011bt ot\u00e1zky:<\/strong><\/p>\n\n\n\n<p>Na sch\u016fzce okresu 4. V prosinci 2020 nebyl pl\u00e1n rozvoje \u0161kol p\u0159ijat, ale byl postoupen V\u00fdboru pro vzd\u011bl\u00e1v\u00e1n\u00ed k dal\u0161\u00edmu poradenstv\u00ed. Lze p\u0159edpokl\u00e1dat, \u017ee dlu\u017en\u00edk zde p\u0159edlo\u017e\u00ed nov\u00fd n\u00e1vrh.<\/p>\n\n\n\n<p><strong>Ot\u00e1zky:<\/strong><\/p>\n\n\n\n<p>1. Jak\u00e1 zlep\u0161en\u00ed\/zm\u011bny byly od t\u00e9 doby v pl\u00e1nu rozvoje \u0161koly provedeny?<\/p>\n\n\n\n<p>Byla revidov\u00e1na tabulka s po\u010dty student\u016f a progn\u00f3zami jednotliv\u00fdch \u0161kol jako p\u0159\u00edloha pl\u00e1nu rozvoje \u0161koly, jak bylo projedn\u00e1no v BKSP dne 25. listopadu 2020.<\/p>\n\n\n\n<p>Bude p\u0159edlo\u017een n\u00e1vrh na \u0159e\u0161en\u00ed situace na st\u0159edn\u00ed \u0161kole ve Westkreis.<br>&nbsp;<\/p>\n\n\n\n<p>2. Kdy je pravd\u011bpodobn\u00e9, \u017ee dlu\u017en\u00edk bude moci p\u0159edlo\u017eit sv\u016fj nov\u00fd n\u00e1vrh V\u00fdboru pro vzd\u011bl\u00e1v\u00e1n\u00ed?<\/p>\n\n\n\n<p>V sou\u010dasn\u00e9 dob\u011b se o\u010dek\u00e1v\u00e1, \u017ee BKSP bude z\u0159\u00edzen dne 29. \u010dervna 2021.<\/p>\n\n\n\n<p>Dopln\u011bn\u00fd pl\u00e1n rozvoje \u0161koly bude p\u0159edlo\u017een BKSP co nejd\u0159\u00edve po konzultaci v komisi \u0161koly.<\/p>","protected":false},"excerpt":{"rendered":"<p>P\u0159edm\u011bt ot\u00e1zky: Na sch\u016fzce okresu 4. V prosinci 2020 nebyl pl\u00e1n rozvoje \u0161kol p\u0159ijat, ale byl postoupen V\u00fdboru pro vzd\u011bl\u00e1v\u00e1n\u00ed k dal\u0161\u00edmu poradenstv\u00ed. Lze p\u0159edpokl\u00e1dat, \u017ee vin\u00edk [...]<\/p>","protected":false},"author":-1,"featured_media":0,"comment_status":"open","ping_status":"open","sticky":false,"template":"","format":"standard","meta":{"footnotes":""},"categories":[9],"tags":[],"class_list":["post-481","post","type-post","status-publish","format-standard","hentry","category-antraege-und-anfragen"],"_links":{"self":[{"href":"https:\/\/www.gruene-mkk.de\/cs\/wp-json\/wp\/v2\/posts\/481","targetHints":{"allow":["GET"]}}],"collection":[{"href":"https:\/\/www.gruene-mkk.de\/cs\/wp-json\/wp\/v2\/posts"}],"about":[{"href":"https:\/\/www.gruene-mkk.de\/cs\/wp-json\/wp\/v2\/types\/post"}],"author":[{"embeddable":true,"href":"https:\/\/www.gruene-mkk.de\/cs\/wp-json\/wp\/v2\/users\/2"}],"replies":[{"embeddable":true,"href":"https:\/\/www.gruene-mkk.de\/cs\/wp-json\/wp\/v2\/comments?post=481"}],"version-history":[{"count":1,"href":"https:\/\/www.gruene-mkk.de\/cs\/wp-json\/wp\/v2\/posts\/481\/revisions"}],"predecessor-version":[{"id":483,"href":"https:\/\/www.gruene-mkk.de\/cs\/wp-json\/wp\/v2\/posts\/481\/revisions\/483"}],"wp:attachment":[{"href":"https:\/\/www.gruene-mkk.de\/cs\/wp-json\/wp\/v2\/media?parent=481"}],"wp:term":[{"taxonomy":"category","embeddable":true,"href":"https:\/\/www.gruene-mkk.de\/cs\/wp-json\/wp\/v2\/categories?post=481"},{"taxonomy":"post_tag","embeddable":true,"href":"https:\/\/www.gruene-mkk.de\/cs\/wp-json\/wp\/v2\/tags?post=481"}],"curies":[{"name":"wp","href":"https:\/\/api.w.org\/{rel}","templated":true}]}}