{"id":478,"date":"2021-11-24T13:29:45","date_gmt":"2021-11-24T12:29:45","guid":{"rendered":"https:\/\/www.alles-bleibt-anders.org\/?p=478"},"modified":"2021-11-24T13:29:46","modified_gmt":"2021-11-24T12:29:46","slug":"gruene-kreistagsfraktion-bespricht-bei-haushaltsklausur-schwerpunkte-fuer-das-jahr-2022","status":"publish","type":"post","link":"https:\/\/www.gruene-mkk.de\/cs\/gruene-kreistagsfraktion-bespricht-bei-haushaltsklausur-schwerpunkte-fuer-das-jahr-2022\/","title":{"rendered":"Skupina Zelen\u00fdch projedn\u00e1v\u00e1 priority pro rok 2022 p\u0159i jedn\u00e1n\u00edch o rozpo\u010dtu"},"content":{"rendered":"<h2 class=\"wp-block-heading\"><strong>Inovativn\u00ed n\u00e1pady pro Main-Kinzig-Kreis<\/strong><\/h2>\n\n\n\n<p>\"Jsme v dobr\u00e9 pozici pro nadch\u00e1zej\u00edc\u00ed roky,\" \u0159\u00edk\u00e1 Reiner Bousonville, p\u0159edseda parlamentn\u00ed skupiny Zelen\u00fdch. Na v\u00edkend zam\u011b\u0159en\u00fd na nadch\u00e1zej\u00edc\u00ed rozpo\u010det se skupina se\u0161la v Bad Soden-Salm\u00fcnsteru za podm\u00ednek 2 g plus, aby projednala \u010d\u00edseln\u00e9 \u00fadaje a tematick\u00e9 priority kruhu.<\/p>\n\n\n\n<p>\u201eS na\u0161imi 17 z\u00e1stupci m\u016f\u017eeme b\u00fdt nejv\u011bt\u0161\u00ed skupinou Zelen\u00fdch od na\u0161eho politick\u00e9ho zah\u00e1jen\u00ed v okrese Main-Kinzig,\u201c uvedl p\u0159edseda skupiny: \u201eJe proto o to d\u016fle\u017eit\u011bj\u0161\u00ed, abychom v pravideln\u00fdch a intenzivn\u00edch diskus\u00edch diskutovali a hodnotili sou\u010dasn\u00e9 politick\u00e9 ud\u00e1losti v kruhu. To op\u011bt uk\u00e1zalo, \u017ee chceme s velkou motivac\u00ed pokro\u010dit a zlep\u0161it n\u00e1\u0161 okres.\u201c<\/p>\n\n\n\n<p>D\u016fle\u017eit\u00fdm faktorem je zde vyu\u017e\u00edv\u00e1n\u00ed ob\u011bhov\u00fdch fond\u016f v rozpo\u010dtu na rok 2022: \u201eJako nejv\u011bt\u0161\u00ed opozi\u010dn\u00ed strana mus\u00edme podrobn\u011b analyzovat p\u0159edlo\u017een\u00e9 \u00fadaje. To bylo \u00fast\u0159edn\u00edm bodem na\u0161eho dvoudenn\u00edho \u00fastupu.\u201c<\/p>\n\n\n\n<p>B\u011bhem rozhovoru s komorn\u00edkem okresu a jeho n\u00e1m\u011bstkem, jako\u017e i v n\u00e1sledn\u00e9 diskusi ve skupin\u011b, se uk\u00e1zalo, \u017ee hlavn\u00ed p\u0159edstavitel\u00e9 a velk\u00e1 koalice stanovuj\u00ed dal\u0161\u00ed priority okresu v nadch\u00e1zej\u00edc\u00edch letech: \"Rozpo\u010det je \u010dist\u011b administrativn\u00ed rozpo\u010det, kter\u00fd neposkytuje \u017e\u00e1dn\u00fd impuls pro d\u016fle\u017eit\u00e9 ot\u00e1zky nadch\u00e1zej\u00edc\u00edho obdob\u00ed,\" \u0159ekl Bousonville. Pouze nov\u00fd \u00da\u0159ad pro digitalizaci se zam\u011b\u0159uje na budouc\u00ed t\u00e9mata: \u201eNa ot\u00e1zky, jako jsou cyklostezky nebo ochrana klimatu, je kladen jen mal\u00fd nebo \u017e\u00e1dn\u00fd d\u016fraz. 300 000 EUR ro\u010dn\u011b na v\u00fdstavbu silnic a cyklostezek jasn\u011b ukazuje, \u017ee kruh nechce motivovat cyklisty jinak ne\u017e vytv\u00e1\u0159en\u00edm koncept\u016f.\u201c<\/p>\n\n\n\n<p>T\u00e9matem mobility se Kreisspitze zab\u00fdv\u00e1 jen nesm\u011ble: \u201eM\u011bs\u00edce by z\u00e1rove\u0148 m\u011bly j\u00edt hloub\u011bji do sv\u00fdch kapes t\u00edm, \u017ee zv\u00fd\u0161\u00ed okresn\u00ed poplatek o dva body, a t\u00edm t\u00e9m\u011b\u0159 na p\u016fvodn\u00ed hodnotu roku 2020, zat\u00edmco okres je odpov\u011bdn\u00fd za velkou z\u00e1t\u011b\u017e pro sv\u016fj vlastn\u00ed rozpo\u010det t\u00edm, \u017ee p\u0159ijme mnoho nov\u00fdch st\u00e1tn\u00edch zam\u011bstnanc\u016f.\u201c Chyb\u00ed tak\u00e9 pen\u00edze na pl\u00e1nov\u00e1n\u00ed a realizaci zdravotn\u00ed akademie: \u201eV pe\u010dliv\u011b vypo\u010dten\u00e9m rozpo\u010dtu nejsou zahrnuty \u017e\u00e1dn\u00e9 dodate\u010dn\u00e9 n\u00e1klady v d\u016fsledku neo\u010dek\u00e1van\u00e9 z\u00e1t\u011b\u017ee. Faktor \u201e\u00faspory\u201c byl p\u0159esunut do pozad\u00ed.\u201c<\/p>\n\n\n\n<p>Skupina Kreistag se proto zam\u011b\u0159\u00ed na sv\u00e9 vlastn\u00ed \u017e\u00e1dosti na rozpo\u010dtov\u00fd rok 2022: \u201eVelk\u00e1 koalice se nevyzna\u010duje inovativn\u00edmi my\u0161lenkami, ale pouze \u010dist\u00fdm \u0159\u00edzen\u00edm t\u011bch st\u00e1vaj\u00edc\u00edch. Pro nejv\u011bt\u0161\u00ed hesensk\u00fd okres je to fat\u00e1ln\u00ed sign\u00e1l, \u017ee Velk\u00e1 koalice hodl\u00e1 v roce 2022 pokra\u010dovat ve sv\u00e9 cest\u011b \u201ev\u017edy na cest\u011b\u201c. My, jako skupina Zelen\u00fdch, jsme p\u0159i\u0161li s \u0159adou n\u00e1pad\u016f pro tyto m\u00edstn\u00ed volby, abychom pokro\u010dili v okrese a zlep\u0161ili \u017eivotn\u00ed podm\u00ednky lid\u00ed v na\u0161em okrese. Vyjasn\u00edme to tak\u00e9 b\u011bhem rozpravy o rozpo\u010dtu.\u201c<\/p>\n\n\n\n<p>Bousonville proto douf\u00e1, \u017ee v\u00fdsledky intenzivn\u00ed dvoudenn\u00ed konzultace parlamentn\u00ed skupiny Zelen\u00fdch budou apelovat i na politick\u00e9 p\u0159edstavitele v okrese: \"V posledn\u00edch letech byly rozpo\u010dtov\u00e9 n\u00e1vrhy opozice v\u017edy odm\u00edt\u00e1ny z d\u016fvodu nedostatku pen\u011bz, zat\u00edmco letos nap\u0159\u00edklad okres rozd\u011blil miliony p\u0159ebytk\u016f obc\u00edm prost\u0159ednictv\u00edm dodate\u010dn\u00e9ho rozpo\u010dtu t\u011bsn\u011b p\u0159ed komun\u00e1ln\u00edmi volbami sn\u00ed\u017een\u00edm okresn\u00edho poplatku,\" uzav\u00edr\u00e1 Bousonville.<\/p>\n\n\n\n<p>Dotazy na:<\/p>\n\n\n\n<p>Jakob M\u00e4hler<br>Gener\u00e1ln\u00ed \u0159editel skupiny<br>Aliance 90 \/ Zelen\u00ed Main-Kinzig<br>06181\/61596<br>0176\/46763336<br>fraktion@gruene-mkk.deKategorie:<a href=\"https:\/\/gruene-main-kinzig.de\/kreistagsfraktion\/pressemitteilungen-aktuell\/presse-volltext\/kategorie\/fraktion-41\/article\/gruene-kreistagsfraktion-bespricht-bei-haushaltsklausur-schwerpunkte-fuer-das-jahr-2022\/\">frakce<\/a><a href=\"https:\/\/gruene-main-kinzig.de\/kreistagsfraktion\/pressemitteilungen-aktuell\/\">P\u0159edchoz\u00ed<\/a><\/p>","protected":false},"excerpt":{"rendered":"<p>Inovativn\u00ed n\u00e1pady pro okres Main-Kinzig \"Jsme v dobr\u00e9 pozici pro nadch\u00e1zej\u00edc\u00ed roky,\" \u0159\u00edk\u00e1 Reiner Bousonville, p\u0159edseda parlamentn\u00ed skupiny Zelen\u00fdch. V\u00edkend se zam\u011b\u0159en\u00edm na nadch\u00e1zej\u00edc\u00ed rozpo\u010det se se\u0161el [...]<\/p>","protected":false},"author":-1,"featured_media":479,"comment_status":"open","ping_status":"open","sticky":false,"template":"","format":"standard","meta":{"footnotes":""},"categories":[2],"tags":[],"class_list":["post-478","post","type-post","status-publish","format-standard","has-post-thumbnail","hentry","category-newskreistagsfraktion"],"_links":{"self":[{"href":"https:\/\/www.gruene-mkk.de\/cs\/wp-json\/wp\/v2\/posts\/478","targetHints":{"allow":["GET"]}}],"collection":[{"href":"https:\/\/www.gruene-mkk.de\/cs\/wp-json\/wp\/v2\/posts"}],"about":[{"href":"https:\/\/www.gruene-mkk.de\/cs\/wp-json\/wp\/v2\/types\/post"}],"author":[{"embeddable":true,"href":"https:\/\/www.gruene-mkk.de\/cs\/wp-json\/wp\/v2\/users\/2"}],"replies":[{"embeddable":true,"href":"https:\/\/www.gruene-mkk.de\/cs\/wp-json\/wp\/v2\/comments?post=478"}],"version-history":[{"count":1,"href":"https:\/\/www.gruene-mkk.de\/cs\/wp-json\/wp\/v2\/posts\/478\/revisions"}],"predecessor-version":[{"id":480,"href":"https:\/\/www.gruene-mkk.de\/cs\/wp-json\/wp\/v2\/posts\/478\/revisions\/480"}],"wp:featuredmedia":[{"embeddable":true,"href":"https:\/\/www.gruene-mkk.de\/cs\/wp-json\/wp\/v2\/media\/479"}],"wp:attachment":[{"href":"https:\/\/www.gruene-mkk.de\/cs\/wp-json\/wp\/v2\/media?parent=478"}],"wp:term":[{"taxonomy":"category","embeddable":true,"href":"https:\/\/www.gruene-mkk.de\/cs\/wp-json\/wp\/v2\/categories?post=478"},{"taxonomy":"post_tag","embeddable":true,"href":"https:\/\/www.gruene-mkk.de\/cs\/wp-json\/wp\/v2\/tags?post=478"}],"curies":[{"name":"wp","href":"https:\/\/api.w.org\/{rel}","templated":true}]}}