{"id":473,"date":"2021-06-09T17:38:00","date_gmt":"2021-06-09T15:38:00","guid":{"rendered":"https:\/\/www.alles-bleibt-anders.org\/?p=473"},"modified":"2021-11-23T17:42:25","modified_gmt":"2021-11-23T16:42:25","slug":"anfrage-co2-bilanz-des-main-kinzig-kreises","status":"publish","type":"post","link":"https:\/\/www.gruene-mkk.de\/cs\/anfrage-co2-bilanz-des-main-kinzig-kreises\/","title":{"rendered":"\u0160et\u0159en\u00ed: Z\u016fstatek CO2 v Main-Kinzig-Kreis"},"content":{"rendered":"<p><strong>P\u0159edm\u011bt ot\u00e1zky:<\/strong><\/p>\n\n\n\n<p>Main-Kinzig-Kreis p\u016fsob\u00ed dne 13. listopadu 2017 v r\u00e1mci iniciativy \u201eHessen Aktiv: Klimatick\u00e9 obce\u201c. O dvacet let d\u0159\u00edve, v roce 1997, se okres Main-Kinzig stal \u010dlenem klimatick\u00e9 aliance. T\u00edmto zp\u016fsobem se kruh zav\u00e1zal sn\u00ed\u017eit sv\u00e9 emise CO2 o deset procent ka\u017ed\u00fdch p\u011bt let.<\/p>\n\n\n\n<p><strong>Parlamentn\u00ed skupina B\u00fcndnis 90\/Die Gr\u00fcnen (Aliance 90\/Zelen\u00ed) \u017e\u00e1d\u00e1 odpov\u011bdi&nbsp;<\/strong><strong>n\u00e1sleduj\u00edc\u00ed ot\u00e1zka (ot\u00e1zky):&nbsp;&nbsp;&nbsp;&nbsp;&nbsp;&nbsp;&nbsp;&nbsp;&nbsp;&nbsp;&nbsp;&nbsp;&nbsp;&nbsp;&nbsp;&nbsp;&nbsp;&nbsp;&nbsp;&nbsp;&nbsp;&nbsp;&nbsp;&nbsp;&nbsp;&nbsp;&nbsp;&nbsp;&nbsp;&nbsp;&nbsp;&nbsp;&nbsp;&nbsp;&nbsp;&nbsp;&nbsp;&nbsp;&nbsp;<\/strong><\/p>\n\n\n\n<p>1. Vytvo\u0159ila nyn\u00ed Main-Kinzig-Kreis uhl\u00edkovou stopu 24 let po vstupu do klimatick\u00e9 aliance?<\/p>\n\n\n\n<p>Odpov\u011b\u010f: Ne, nen\u00ed.<\/p>\n\n\n\n<p>2. Pokud ano, jak\u00e9 jsou emise CO2 v kruhu?<\/p>\n\n\n\n<p>Odpov\u011b\u010f: Nepou\u017eije se \u2013 viz 1.<\/p>\n\n\n\n<p>3. Pokud ne, pro\u010d je\u0161t\u011b nebyla vytvo\u0159ena uhl\u00edkov\u00e1 stopa?<\/p>\n\n\n\n<p>Odpov\u011b\u010f: V sou\u010dasn\u00e9 dob\u011b neexistuje v Main-Kinzig-Kreis \u017e\u00e1dn\u00e1 pozice v oblasti \u0159\u00edzen\u00ed ochrany klimatu.<br>D\u016fraz je v sou\u010dasn\u00e9 dob\u011b kladen na energetickou kontrolu a hospoda\u0159en\u00ed s energi\u00ed vlastn\u00edch nemovitost\u00ed okresu, jako\u017e i na opat\u0159en\u00ed na ochranu klimatu v podob\u011b energetick\u00fdch renovac\u00ed, renovac\u00ed osv\u011btlen\u00ed a opat\u0159en\u00ed pro p\u0159izp\u016fsoben\u00ed se zm\u011bn\u011b klimatu.<\/p>\n\n\n\n<p>4. Pokud ne, je pl\u00e1nov\u00e1no vytvo\u0159en\u00ed uhl\u00edkov\u00e9 stopy?<\/p>\n\n\n\n<p>Odpov\u011b\u010f: Ano, pracujeme na stvo\u0159en\u00ed.<\/p>","protected":false},"excerpt":{"rendered":"<p>P\u0159edm\u011bt ot\u00e1zky: Main-Kinzig-Kreis p\u016fsob\u00ed dne 13. listopadu 2017 v r\u00e1mci iniciativy \u201eHessen Aktiv: Klimatick\u00e9 obce\u201c. O dvacet let d\u0159\u00edve, v roce 1997, se okres Main-Kinzig stal \u010dlenem klimatick\u00e9 aliance. Za \u00fa\u010delem [...]<\/p>","protected":false},"author":-1,"featured_media":0,"comment_status":"open","ping_status":"open","sticky":false,"template":"","format":"standard","meta":{"footnotes":""},"categories":[9],"tags":[],"class_list":["post-473","post","type-post","status-publish","format-standard","hentry","category-antraege-und-anfragen"],"_links":{"self":[{"href":"https:\/\/www.gruene-mkk.de\/cs\/wp-json\/wp\/v2\/posts\/473","targetHints":{"allow":["GET"]}}],"collection":[{"href":"https:\/\/www.gruene-mkk.de\/cs\/wp-json\/wp\/v2\/posts"}],"about":[{"href":"https:\/\/www.gruene-mkk.de\/cs\/wp-json\/wp\/v2\/types\/post"}],"author":[{"embeddable":true,"href":"https:\/\/www.gruene-mkk.de\/cs\/wp-json\/wp\/v2\/users\/2"}],"replies":[{"embeddable":true,"href":"https:\/\/www.gruene-mkk.de\/cs\/wp-json\/wp\/v2\/comments?post=473"}],"version-history":[{"count":1,"href":"https:\/\/www.gruene-mkk.de\/cs\/wp-json\/wp\/v2\/posts\/473\/revisions"}],"predecessor-version":[{"id":475,"href":"https:\/\/www.gruene-mkk.de\/cs\/wp-json\/wp\/v2\/posts\/473\/revisions\/475"}],"wp:attachment":[{"href":"https:\/\/www.gruene-mkk.de\/cs\/wp-json\/wp\/v2\/media?parent=473"}],"wp:term":[{"taxonomy":"category","embeddable":true,"href":"https:\/\/www.gruene-mkk.de\/cs\/wp-json\/wp\/v2\/categories?post=473"},{"taxonomy":"post_tag","embeddable":true,"href":"https:\/\/www.gruene-mkk.de\/cs\/wp-json\/wp\/v2\/tags?post=473"}],"curies":[{"name":"wp","href":"https:\/\/api.w.org\/{rel}","templated":true}]}}