{"id":46,"date":"2021-06-10T10:00:00","date_gmt":"2021-06-10T08:00:00","guid":{"rendered":"https:\/\/www.alles-bleibt-anders.org\/?p=46"},"modified":"2021-11-09T14:15:04","modified_gmt":"2021-11-09T13:15:04","slug":"gruene-fraktion-waehlt-abgeordnete-in-die-fachausschuesse","status":"publish","type":"post","link":"https:\/\/www.gruene-mkk.de\/cs\/gruene-fraktion-waehlt-abgeordnete-in-die-fachausschuesse\/","title":{"rendered":"Skupina Zelen\u00fdch vol\u00ed poslance EP do specializovan\u00fdch v\u00fdbor\u016f"},"content":{"rendered":"<p><em>Legislativn\u00ed obdob\u00ed s hlavn\u00edmi v\u00fdzvami \/ \u201eIntenzivn\u00ed \u00favahy o ot\u00e1zk\u00e1ch\u201c<\/em><\/p>\n\n\n\n<p>\"D\u00edky na\u0161im siln\u00fdm volebn\u00edm v\u00fdsledk\u016fm m\u016f\u017eeme zaplnit specializovan\u00e9 v\u00fdbory okresn\u00ed rady dv\u011bma poslanci,\" \u0159\u00edk\u00e1 Reiner Bousonville, Viola Ha\u00dfdenteufel a Jakob M\u00e4hler, \u010dlenka rady parlamentn\u00ed skupiny Zelen\u00fdch v okresn\u00ed rad\u011b: \u201ePr\u00e1ce ve v\u00fdborech umo\u017e\u0148uje l\u00e9pe osv\u011btlit r\u016fzn\u00e1 t\u00e9mata nebo vyhledat odborn\u00e9 poradenstv\u00ed. To umo\u017e\u0148uje \u0159e\u0161it t\u00e9mata mnohem intenzivn\u011bji a komplexn\u011bji, aby bylo dosa\u017eeno co nejlep\u0161\u00edho v\u00fdsledku.\u201c<\/p>\n\n\n\n<!--more-->\n\n\n\n<p>V sou\u010dasn\u00e9m volebn\u00edm obdob\u00ed p\u0159ed poslanci EP stoj\u00ed \u0159ada v\u00fdzev: \u201ePr\u00e1ce ve v\u00fdborech zde bude velmi d\u016fle\u017eit\u00e1, a proto jsme r\u00e1di, \u017ee m\u00e1me dvakr\u00e1t tolik poslanc\u016f ne\u017e v p\u0159edchoz\u00edm volebn\u00edm obdob\u00ed,\u201c uvedlo p\u0159edsednictvo skupiny.<\/p>\n\n\n\n<p>V hlavn\u00edm a finan\u010dn\u00edm v\u00fdboru zastupuj\u00ed Zelen\u00ed p\u0159edseda skupiny Reiner Bousonville, z\u00e1rove\u0148 mluv\u010d\u00ed pro finan\u010dn\u00ed politiku, jako\u017e i b\u00fdval\u00fd okresn\u00ed z\u00e1stupce Matthias Zach. \u201eNa\u0161e v\u00fdzvy spo\u010d\u00edvaj\u00ed p\u0159edev\u0161\u00edm v nadch\u00e1zej\u00edc\u00ed finan\u010dn\u00ed z\u00e1t\u011b\u017ei zp\u016fsoben\u00e9 koronavirovou pandemi\u00ed,\u201c uvedl Bousonville. \u201eHanauova ob\u011bhovost v\u0161ak bude d\u016fle\u017eitou ot\u00e1zkou i v na\u0161\u00ed pr\u00e1ci.\u201c<\/p>\n\n\n\n<p>\u201eV oblasti vzd\u011bl\u00e1v\u00e1n\u00ed mus\u00edme b\u00fdt p\u0159ipraveni na budoucnost,\u201c uvedl Jakob M\u00e4hler, m\u00edstop\u0159edseda a mluv\u010d\u00ed pro vzd\u011bl\u00e1vac\u00ed politiku: \u201eDiskuse zejm\u00e9na o pl\u00e1nu rozvoje \u0161kol uk\u00e1zala, \u017ee politi\u010dt\u00ed p\u0159edstavitel\u00e9 dosud nemaj\u00ed p\u0159edstavu o tom, jak se vypo\u0159\u00e1dat s budouc\u00edmi v\u00fdzvami,\u201c uvedl M\u00e4hler, kter\u00fd zased\u00e1 spole\u010dn\u011b s Mahwishem Iftikharem ve V\u00fdboru pro vzd\u011bl\u00e1v\u00e1n\u00ed, kulturu, sport a partnerstv\u00ed. \u201eBudeme i nad\u00e1le pracovat na pl\u00e1nu udr\u017eiteln\u00e9ho rozvoje \u0161kol.\u201c<\/p>\n\n\n\n<p>Ve V\u00fdboru pro hospod\u00e1\u0159sk\u00e9 z\u00e1le\u017eitosti, energetiku, dopravu, \u017eivotn\u00ed prost\u0159ed\u00ed a zem\u011bd\u011blstv\u00ed zastupuj\u00ed Zelen\u00ed Celine Bousonvilleov\u00e1 a Rainer Vogel: \"\u017divotn\u00ed prost\u0159ed\u00ed bude v nadch\u00e1zej\u00edc\u00edch letech kl\u00ed\u010dovou ot\u00e1zkou,\" uvedla Bousonvilleov\u00e1, mluv\u010d\u00ed okresn\u00ed parlamentn\u00ed skupiny pro \u017eivotn\u00ed prost\u0159ed\u00ed: \u201eJe d\u016fle\u017eit\u00e9, aby se zde \u0159e\u0161ily d\u016fle\u017eit\u00e9 ot\u00e1zky, a\u0165 u\u017e se jedn\u00e1 o region ekologick\u00e9ho modelu nebo o trvalou a st\u00e1le se roz\u0161i\u0159uj\u00edc\u00ed ochranu klimatu ve spr\u00e1v\u011b a v okrese.\u201c<\/p>\n\n\n\n<p>\u201eZejm\u00e9na v dob\u011b koronaviru se uk\u00e1zalo, jak d\u016fle\u017eit\u00e1 je dobr\u00e1 pr\u00e1ce v soci\u00e1ln\u00ed oblasti,\u201c \u0159\u00edk\u00e1 Viola Ha\u00dfdenteufel, m\u00edstop\u0159edsedkyn\u011b parlamentn\u00ed skupiny a mluv\u010d\u00ed pro soci\u00e1ln\u00ed politiku v parlamentn\u00ed skupin\u011b Zelen\u00fdch. Spole\u010dn\u011b s Mahwishem Iftikharem chce ve V\u00fdboru pro soci\u00e1ln\u00ed v\u011bci, rodinn\u00e9 z\u00e1le\u017eitosti, seniory a demografii zd\u016fraznit: \u201eJedn\u00e1 se o oblasti, kter\u00e9 byly t\u011b\u017ece zasa\u017eeny koronavirovou pandemi\u00ed. Stoj\u00edme zde p\u0159ed nal\u00e9hav\u00fdmi ot\u00e1zkami, kter\u00e9 je t\u0159eba zodpov\u011bd\u011bt.\u201c<\/p>\n\n\n\n<p>Dotazy na:<\/p>\n\n\n\n<p>Jakob M\u00e4hler<br>Gener\u00e1ln\u00ed \u0159editel skupiny<br>Aliance 90 \/ Zelen\u00ed Main-Kinzig<\/p>\n\n\n\n<p>06181\/61596<br>0176\/46763336<\/p>\n\n\n\n<p>fraktion@gruene-mkk.de<\/p>","protected":false},"excerpt":{"rendered":"<p>\"D\u00edky na\u0161im siln\u00fdm volebn\u00edm v\u00fdsledk\u016fm m\u016f\u017eeme zaplnit specializovan\u00e9 v\u00fdbory okresn\u00ed rady dv\u011bma poslanci,\" uvedla rada parlamentn\u00ed skupiny Zelen\u00fdch.<\/p>","protected":false},"author":-1,"featured_media":0,"comment_status":"open","ping_status":"open","sticky":false,"template":"","format":"standard","meta":{"footnotes":""},"categories":[2],"tags":[],"class_list":["post-46","post","type-post","status-publish","format-standard","hentry","category-newskreistagsfraktion"],"_links":{"self":[{"href":"https:\/\/www.gruene-mkk.de\/cs\/wp-json\/wp\/v2\/posts\/46","targetHints":{"allow":["GET"]}}],"collection":[{"href":"https:\/\/www.gruene-mkk.de\/cs\/wp-json\/wp\/v2\/posts"}],"about":[{"href":"https:\/\/www.gruene-mkk.de\/cs\/wp-json\/wp\/v2\/types\/post"}],"author":[{"embeddable":true,"href":"https:\/\/www.gruene-mkk.de\/cs\/wp-json\/wp\/v2\/users\/2"}],"replies":[{"embeddable":true,"href":"https:\/\/www.gruene-mkk.de\/cs\/wp-json\/wp\/v2\/comments?post=46"}],"version-history":[{"count":1,"href":"https:\/\/www.gruene-mkk.de\/cs\/wp-json\/wp\/v2\/posts\/46\/revisions"}],"predecessor-version":[{"id":47,"href":"https:\/\/www.gruene-mkk.de\/cs\/wp-json\/wp\/v2\/posts\/46\/revisions\/47"}],"wp:attachment":[{"href":"https:\/\/www.gruene-mkk.de\/cs\/wp-json\/wp\/v2\/media?parent=46"}],"wp:term":[{"taxonomy":"category","embeddable":true,"href":"https:\/\/www.gruene-mkk.de\/cs\/wp-json\/wp\/v2\/categories?post=46"},{"taxonomy":"post_tag","embeddable":true,"href":"https:\/\/www.gruene-mkk.de\/cs\/wp-json\/wp\/v2\/tags?post=46"}],"curies":[{"name":"wp","href":"https:\/\/api.w.org\/{rel}","templated":true}]}}