{"id":3343,"date":"2026-03-16T13:16:38","date_gmt":"2026-03-16T12:16:38","guid":{"rendered":"https:\/\/www.gruene-mkk.de\/?p=3343"},"modified":"2026-03-16T13:17:11","modified_gmt":"2026-03-16T12:17:11","slug":"kommunalwahl-gruene-im-main-kinzig-kreis-zufrieden-starke-ergebnisse-fuer-neue-ortsverbaende-in-brachttal-und-jossgrund","status":"publish","type":"post","link":"https:\/\/www.gruene-mkk.de\/cs\/kommunalwahl-gruene-im-main-kinzig-kreis-zufrieden-starke-ergebnisse-fuer-neue-ortsverbaende-in-brachttal-und-jossgrund\/","title":{"rendered":"M\u00edstn\u00ed volby: Zelen\u00ed v okrese Main-Kinzig spokojeni - siln\u00e9 v\u00fdsledky pro nov\u00e1 m\u00edstn\u00ed sdru\u017een\u00ed v Brachttalu a Jossgrundu"},"content":{"rendered":"<p>P\u0159edb\u011b\u017en\u00e9 v\u00fdsledky m\u00edstn\u00edch voleb ze dne 15. b\u0159ezna 2026 ukazuj\u00ed, \u017ee B\u00fcndnis 90\/Die Gr\u00fcnen v okrese Main-Kinzig vyplynuly z voleb se solidn\u00edm v\u00fdsledkem. Obzvl\u00e1\u0161t\u011b pot\u011b\u0161uj\u00edc\u00ed je v\u00fdkon nov\u011b zalo\u017een\u00fdch m\u00edstn\u00edch asociac\u00ed v Brachttalu a Jossgrundu v lo\u0148sk\u00e9m roce.<\/p>\n\n\n\n<p>Ob\u011b m\u00edstn\u00ed spolky se poprv\u00e9 z\u00fa\u010dastnily komun\u00e1ln\u00edch voleb a dok\u00e1zaly ze sv\u00e9ho hlediska dos\u00e1hnout zna\u010dn\u00e9ho v\u00fdsledku. To podtrhuje rostouc\u00ed z\u00e1jem o ekologick\u00e9 politiky ve venkovsk\u00fdch oblastech, jako\u017e i \u00fasp\u011b\u0161nou rozvojovou \u010dinnost anga\u017eovan\u00fdch m\u00edstn\u00edch \u010dlen\u016f.<\/p>\n\n\n\n<p>\"Skute\u010dnost, \u017ee na\u0161e nov\u00e1 m\u00edstn\u00ed sdru\u017een\u00ed v Brachttalu a Jossgrundu dok\u00e1zala dos\u00e1hnout tak dobr\u00e9ho v\u00fdsledku p\u0159\u00edmo p\u0159i sv\u00fdch prvn\u00edch volb\u00e1ch, je siln\u00fdm sign\u00e1lem,\" vysv\u011btluje Philip Schinkel, mluv\u010d\u00ed GR\u00dcNEN Main-Kinzig. \u201eMnoho ob\u010dan\u016f chce politiky, kter\u00e9 kombinuj\u00ed opat\u0159en\u00ed v oblasti klimatu, kvalitu \u017eivota a udr\u017eiteln\u00fd rozvoj, a to i v men\u0161\u00edch komunit\u00e1ch.\u201c<\/p>\n\n\n\n<p>\"Up\u0159\u00edmn\u011b d\u011bkujeme v\u0161em voli\u010d\u016fm za jejich d\u016fv\u011bru,\" \u0159\u00edk\u00e1 Mahwish Iftikhar, v\u016fdce Zelen\u00fdch v okrese Main-Kinzig. \u201eV\u00fdsledkem je pob\u00eddka pro n\u00e1s, abychom i nad\u00e1le usilovn\u011b pracovali na d\u016fsledn\u00e9 ochran\u011b klimatu, obyvateln\u00fdch komunit\u00e1ch a udr\u017eiteln\u00e9m rozvoji v okrese Main-Kinzig. Na\u0161\u00edm c\u00edlem z\u016fst\u00e1v\u00e1 politika, kter\u00e1 p\u0159eb\u00edr\u00e1 odpov\u011bdnost za \u017eivotn\u00ed prost\u0159ed\u00ed a z\u00e1rove\u0148 zaji\u0161\u0165uje spravedliv\u00e9 p\u0159\u00edle\u017eitosti, \u00fa\u010dast a dobr\u00e9 \u017eivotn\u00ed podm\u00ednky pro v\u0161echny obyvatele okresu Main-Kinzig.\u201c<\/p>\n\n\n\n<p>Kone\u010dn\u00e9 ofici\u00e1ln\u00ed v\u00fdsledky v\u00fd\u010dtu st\u00e1le nejsou zn\u00e1my. B\u00fcndnis 90\/Die Gr\u00fcnen Main-Kinzig je pe\u010dliv\u011b zhodnot\u00ed a spole\u010dn\u011b s nov\u011b zvolen\u00fdmi z\u00e1stupci p\u0159iprav\u00ed dal\u0161\u00ed kroky pro m\u00edstn\u00ed politickou \u010dinnost v nadch\u00e1zej\u00edc\u00edch letech.<\/p>","protected":false},"excerpt":{"rendered":"<p>P\u0159edb\u011b\u017en\u00e9 v\u00fdsledky m\u00edstn\u00edch voleb ze dne 15. b\u0159ezna 2026 ukazuj\u00ed, \u017ee B\u00fcndnis 90\/Die Gr\u00fcnen v okrese Main-Kinzig vyplynuly z voleb se solidn\u00edm v\u00fdsledkem. Obzvl\u00e1\u0161t\u011b pot\u011b\u0161uj\u00edc\u00ed je v\u00fdkon [\u2026]<\/p>","protected":false},"author":-1,"featured_media":0,"comment_status":"closed","ping_status":"open","sticky":true,"template":"","format":"standard","meta":{"footnotes":""},"categories":[1],"tags":[],"class_list":["post-3343","post","type-post","status-publish","format-standard","hentry","category-allgemein"],"_links":{"self":[{"href":"https:\/\/www.gruene-mkk.de\/cs\/wp-json\/wp\/v2\/posts\/3343","targetHints":{"allow":["GET"]}}],"collection":[{"href":"https:\/\/www.gruene-mkk.de\/cs\/wp-json\/wp\/v2\/posts"}],"about":[{"href":"https:\/\/www.gruene-mkk.de\/cs\/wp-json\/wp\/v2\/types\/post"}],"author":[{"embeddable":true,"href":"https:\/\/www.gruene-mkk.de\/cs\/wp-json\/wp\/v2\/users\/2"}],"replies":[{"embeddable":true,"href":"https:\/\/www.gruene-mkk.de\/cs\/wp-json\/wp\/v2\/comments?post=3343"}],"version-history":[{"count":1,"href":"https:\/\/www.gruene-mkk.de\/cs\/wp-json\/wp\/v2\/posts\/3343\/revisions"}],"predecessor-version":[{"id":3344,"href":"https:\/\/www.gruene-mkk.de\/cs\/wp-json\/wp\/v2\/posts\/3343\/revisions\/3344"}],"wp:attachment":[{"href":"https:\/\/www.gruene-mkk.de\/cs\/wp-json\/wp\/v2\/media?parent=3343"}],"wp:term":[{"taxonomy":"category","embeddable":true,"href":"https:\/\/www.gruene-mkk.de\/cs\/wp-json\/wp\/v2\/categories?post=3343"},{"taxonomy":"post_tag","embeddable":true,"href":"https:\/\/www.gruene-mkk.de\/cs\/wp-json\/wp\/v2\/tags?post=3343"}],"curies":[{"name":"wp","href":"https:\/\/api.w.org\/{rel}","templated":true}]}}