{"id":3338,"date":"2026-03-11T11:25:47","date_gmt":"2026-03-11T10:25:47","guid":{"rendered":"https:\/\/www.gruene-mkk.de\/?p=3338"},"modified":"2026-03-11T11:26:09","modified_gmt":"2026-03-11T10:26:09","slug":"mehr-schutz-fuer-frauen-gruene-podiumsdiskussion-mit-omid-nouripour-in-hanau","status":"publish","type":"post","link":"https:\/\/www.gruene-mkk.de\/cs\/mehr-schutz-fuer-frauen-gruene-podiumsdiskussion-mit-omid-nouripour-in-hanau\/","title":{"rendered":"V\u00edce ochrany pro \u017eeny - GREEN panel s Omid Nouripour v Hanau"},"content":{"rendered":"<p>V sobotu 7. b\u0159ezna 2026 ve\u010der p\u0159ijalo v\u00edce ne\u017e 60 z\u00fa\u010dastn\u011bn\u00fdch stran pozv\u00e1n\u00ed B\u00fcndnis 90\/Die Gr\u00fcnen v okrese Main-Kinzig a v Hanau na panelovou diskusi s n\u00e1zvem \u201eOchrana \u017een \u2013 jedn\u00e1n\u00ed na m\u00edstn\u00ed \u00farovni, glob\u00e1ln\u00ed my\u0161len\u00ed\u201c. Spolu s hesensk\u00fdm poslancem Spolkov\u00e9ho sn\u011bmu Omidem Nouripourem, kandid\u00e1tem na starostu Hanau Sascha Feldes, nejvy\u0161\u0161\u00edm kandid\u00e1tem okresn\u00edch voleb Mahwishem Iftikharem a Leou Kircherovou a Brigitte Machnitzkeovou z Frauenhaus W\u00e4chtersbach diskutovali \u00fa\u010dastn\u00edci o strategi\u00edch pro \u00fa\u010dinn\u00fd boj proti n\u00e1sil\u00ed p\u00e1chan\u00e9mu na \u017een\u00e1ch a zlep\u0161en\u00ed azylov\u00fdch dom\u016f.<\/p>\n\n\n\n<p>D\u016fraz byl kladen na nal\u00e9hav\u00e9 v\u00fdzvy: byrokratick\u00e9 p\u0159ek\u00e1\u017eky p\u0159i op\u011btovn\u00e9 registraci, p\u0159\u00eddavky na d\u011bti nebo \u017e\u00e1dosti o d\u00e1vky pro ob\u010dany, nedostate\u010dn\u00e1 dostupnost bydlen\u00ed a \u010dasto p\u0159\u00edli\u0161 dlouh\u00e9 pobyty ve st\u00e1vaj\u00edc\u00edch azylov\u00fdch domech pro \u017eeny. Zejm\u00e9na ve venkovsk\u00fdch oblastech, jako je W\u00e4chtersbach, zt\u011b\u017euje p\u0159\u00edstup k ochran\u011b nedostate\u010dn\u00e1 infrastruktura a omezen\u00e1 ve\u0159ejn\u00e1 doprava.<\/p>\n\n\n\n<p>Omid Nouripour zd\u016fraznil, \u017ee n\u00e1sil\u00ed p\u00e1chan\u00e9 na \u017een\u00e1ch by nem\u011blo b\u00fdt ch\u00e1p\u00e1no jako \u201eprobl\u00e9m \u017een\u201c, ale jako odpov\u011bdnost za spole\u010dnost jako celek. Vyzval mu\u017ee i spole\u010dnost jako celek, aby nepova\u017eovali rovnost v\u00fdhradn\u011b za probl\u00e9m \u017een, a odk\u00e1zal na mezin\u00e1rodn\u00ed vzory, jako je st\u00e1vka \u017een na Islandu.<\/p>\n\n\n\n<p>Sascha Feldesov\u00e1 zd\u016fraznila v\u00fdznam vzd\u011bl\u00e1v\u00e1n\u00ed, prevence a p\u0159\u00edm\u00fdch kontakt\u016f v azylov\u00fdch domech pro \u017eeny v obc\u00edch pro lep\u0161\u00ed ochranu \u017een. Mahwish Iftikhar zd\u016fraznil, \u017ee je d\u016fle\u017eit\u00e9 br\u00e1t ochranu \u017een v\u00e1\u017en\u011b a zam\u011b\u0159it se tak\u00e9 na materi\u00e1ln\u00ed ot\u00e1zky, jako je bydlen\u00ed a zaji\u0161t\u011bn\u00ed financov\u00e1n\u00ed azylov\u00fdch dom\u016f pro \u017eeny.<\/p>\n\n\n\n<p>Z\u00e1stupci \u017eensk\u00e9ho \u00fatulku W\u00e4chtersbach dali jasn\u011b najevo, \u017ee dom\u00e1c\u00ed n\u00e1sil\u00ed je probl\u00e9mem pro celou spole\u010dnost, kter\u00e1 proch\u00e1z\u00ed v\u0161emi soci\u00e1ln\u00edmi vrstvami, a pouk\u00e1zali na to, \u017ee je posti\u017eeno i velk\u00e9 mno\u017estv\u00ed d\u011bt\u00ed. Rovnost \u017een a mu\u017e\u016f mus\u00ed b\u00fdt i nad\u00e1le d\u016fsledn\u011b uplat\u0148ov\u00e1na. Pln\u011b financovan\u00e9 p\u0159\u00edst\u0159e\u0161\u00ed pro \u017eeny je kl\u00ed\u010dov\u00fdm krokem k zaji\u0161t\u011bn\u00ed ochrany a bezpe\u010dnosti pro v\u0161echny.<\/p>\n\n\n\n<p>Diskuse jasn\u011b uk\u00e1zala: K dosa\u017een\u00ed pokroku v oblasti rovnosti a bezpe\u010dnosti \u017een mus\u00ed politika, spole\u010dnost a spr\u00e1va spolupracovat, zvy\u0161ovat pov\u011bdom\u00ed a odstra\u0148ovat struktur\u00e1ln\u00ed p\u0159ek\u00e1\u017eky. ZELEN\u00c1 Main-Kinzig a Hanau cht\u011bj\u00ed jasn\u00fdmi politikami, struktur\u00e1ln\u00ed podporou a zvy\u0161ov\u00e1n\u00edm pov\u011bdom\u00ed d\u00e1le pos\u00edlit ochranu \u017een \u2013 pro bezpe\u010dnou budoucnost pro v\u0161echny v ter\u00e9nu.<\/p>","protected":false},"excerpt":{"rendered":"<p>V sobotu ve\u010der 7. b\u0159ezna 2026 p\u0159ijalo v\u00edce ne\u017e 60 z\u00fa\u010dastn\u011bn\u00fdch stran pozv\u00e1n\u00ed B\u00fcndnis 90\/Die Gr\u00fcnen v Main-Kinzig-Kreis a v Hanau na panelovou diskusi nazvanou \u201eOchrana \u017een \u2013 [\u2026]<\/p>","protected":false},"author":-1,"featured_media":3339,"comment_status":"closed","ping_status":"open","sticky":true,"template":"","format":"standard","meta":{"footnotes":""},"categories":[1],"tags":[],"class_list":["post-3338","post","type-post","status-publish","format-standard","has-post-thumbnail","hentry","category-allgemein"],"_links":{"self":[{"href":"https:\/\/www.gruene-mkk.de\/cs\/wp-json\/wp\/v2\/posts\/3338","targetHints":{"allow":["GET"]}}],"collection":[{"href":"https:\/\/www.gruene-mkk.de\/cs\/wp-json\/wp\/v2\/posts"}],"about":[{"href":"https:\/\/www.gruene-mkk.de\/cs\/wp-json\/wp\/v2\/types\/post"}],"author":[{"embeddable":true,"href":"https:\/\/www.gruene-mkk.de\/cs\/wp-json\/wp\/v2\/users\/2"}],"replies":[{"embeddable":true,"href":"https:\/\/www.gruene-mkk.de\/cs\/wp-json\/wp\/v2\/comments?post=3338"}],"version-history":[{"count":1,"href":"https:\/\/www.gruene-mkk.de\/cs\/wp-json\/wp\/v2\/posts\/3338\/revisions"}],"predecessor-version":[{"id":3340,"href":"https:\/\/www.gruene-mkk.de\/cs\/wp-json\/wp\/v2\/posts\/3338\/revisions\/3340"}],"wp:featuredmedia":[{"embeddable":true,"href":"https:\/\/www.gruene-mkk.de\/cs\/wp-json\/wp\/v2\/media\/3339"}],"wp:attachment":[{"href":"https:\/\/www.gruene-mkk.de\/cs\/wp-json\/wp\/v2\/media?parent=3338"}],"wp:term":[{"taxonomy":"category","embeddable":true,"href":"https:\/\/www.gruene-mkk.de\/cs\/wp-json\/wp\/v2\/categories?post=3338"},{"taxonomy":"post_tag","embeddable":true,"href":"https:\/\/www.gruene-mkk.de\/cs\/wp-json\/wp\/v2\/tags?post=3338"}],"curies":[{"name":"wp","href":"https:\/\/api.w.org\/{rel}","templated":true}]}}