{"id":2582,"date":"2025-01-08T15:14:57","date_gmt":"2025-01-08T14:14:57","guid":{"rendered":"https:\/\/www.gruene-mkk.de\/?p=2582"},"modified":"2025-01-08T15:14:59","modified_gmt":"2025-01-08T14:14:59","slug":"waehl-liebe-kampagne-fuer-vielfalt-und-demokratie","status":"publish","type":"post","link":"https:\/\/www.gruene-mkk.de\/cs\/waehl-liebe-kampagne-fuer-vielfalt-und-demokratie\/","title":{"rendered":"Vyberte si l\u00e1sku: Kampa\u0148 za rozmanitost a demokracii"},"content":{"rendered":"<p>Queer* Main-Kinzig e.V. je prvn\u00edm signat\u00e1\u0159em celost\u00e1tn\u00ed kampan\u011b hnut\u00ed centr\u00e1ln\u00edch depozit\u00e1\u0159\u016f cenn\u00fdch pap\u00edr\u016f \u201eVote for Love\u201c p\u0159ed volbami do Spolkov\u00e9ho sn\u011bmu. C\u00edlem je zv\u00fd\u0161it pov\u011bdom\u00ed voli\u010d\u016f o pr\u00e1vech queer komunity a pos\u00edlit demokratick\u00e9 strany, kter\u00e9 obhajuj\u00ed rozmanitost, toleranci a rovnost.<\/p>\n\n\n\n<p>Jsme zastoupeni st\u00e1nkem a zveme v\u00e1s, abyste se stali sou\u010d\u00e1st\u00ed t\u00e9to d\u016fle\u017eit\u00e9 akce. P\u0159ihlaste se pros\u00edm ke slu\u017eb\u011b st\u00e1nku pomoc\u00ed n\u00e1sleduj\u00edc\u00edho formul\u00e1\u0159e: <a href=\"https:\/\/termite.gruene.de\/invite\/ge50ndxS0Yr7\">https:\/\/termite.gruene.de\/invite\/ge50ndxS0Yr7<\/a><\/p>","protected":false},"excerpt":{"rendered":"<p>Queer* Main-Kinzig e.V. je prvn\u00edm signat\u00e1\u0159em celost\u00e1tn\u00ed kampan\u011b hnut\u00ed centr\u00e1ln\u00edch depozit\u00e1\u0159\u016f cenn\u00fdch pap\u00edr\u016f \u201eVote for Love\u201c p\u0159ed volbami do Spolkov\u00e9ho sn\u011bmu. C\u00edlem je, aby si voli\u010di uv\u011bdomili pr\u00e1va queer komunity [...]<\/p>","protected":false},"author":-1,"featured_media":0,"comment_status":"closed","ping_status":"open","sticky":false,"template":"","format":"standard","meta":{"footnotes":""},"categories":[1],"tags":[],"class_list":["post-2582","post","type-post","status-publish","format-standard","hentry","category-allgemein"],"_links":{"self":[{"href":"https:\/\/www.gruene-mkk.de\/cs\/wp-json\/wp\/v2\/posts\/2582","targetHints":{"allow":["GET"]}}],"collection":[{"href":"https:\/\/www.gruene-mkk.de\/cs\/wp-json\/wp\/v2\/posts"}],"about":[{"href":"https:\/\/www.gruene-mkk.de\/cs\/wp-json\/wp\/v2\/types\/post"}],"author":[{"embeddable":true,"href":"https:\/\/www.gruene-mkk.de\/cs\/wp-json\/wp\/v2\/users\/2"}],"replies":[{"embeddable":true,"href":"https:\/\/www.gruene-mkk.de\/cs\/wp-json\/wp\/v2\/comments?post=2582"}],"version-history":[{"count":1,"href":"https:\/\/www.gruene-mkk.de\/cs\/wp-json\/wp\/v2\/posts\/2582\/revisions"}],"predecessor-version":[{"id":2583,"href":"https:\/\/www.gruene-mkk.de\/cs\/wp-json\/wp\/v2\/posts\/2582\/revisions\/2583"}],"wp:attachment":[{"href":"https:\/\/www.gruene-mkk.de\/cs\/wp-json\/wp\/v2\/media?parent=2582"}],"wp:term":[{"taxonomy":"category","embeddable":true,"href":"https:\/\/www.gruene-mkk.de\/cs\/wp-json\/wp\/v2\/categories?post=2582"},{"taxonomy":"post_tag","embeddable":true,"href":"https:\/\/www.gruene-mkk.de\/cs\/wp-json\/wp\/v2\/tags?post=2582"}],"curies":[{"name":"wp","href":"https:\/\/api.w.org\/{rel}","templated":true}]}}