{"id":2356,"date":"2024-08-28T16:08:41","date_gmt":"2024-08-28T14:08:41","guid":{"rendered":"https:\/\/www.gruene-mkk.de\/?p=2356"},"modified":"2024-08-28T16:08:49","modified_gmt":"2024-08-28T14:08:49","slug":"gruene-main-kinzig-und-hanau-gratulieren-joachim-nickel-zum-70-geburtstag","status":"publish","type":"post","link":"https:\/\/www.gruene-mkk.de\/cs\/gruene-main-kinzig-und-hanau-gratulieren-joachim-nickel-zum-70-geburtstag\/","title":{"rendered":"Gr\u00fcne Main-Kinzig a Hanau blahop\u0159ej\u00ed Joachimu Nickelovi k jeho 70. narozenin\u00e1m. narozeniny"},"content":{"rendered":"<p>Zelen\u00ed Main-Kinzig a Hanau srde\u010dn\u011b gratuluj\u00ed sv\u00e9mu dlouholet\u00e9mu anga\u017eovan\u00e9mu \u010dlenovi Joachimu Nickelovi k jeho 70. narozenin\u00e1m. narozeniny. Po mnoho let byl Joachim Nickel zodpov\u011bdn\u00fd za finance na\u0161eho okresn\u00edho sdru\u017een\u00ed jako okresn\u00ed pokladn\u00edk s ne\u00fanavn\u00fdm odhodl\u00e1n\u00edm a velk\u00fdm smyslem pro odpov\u011bdnost.<\/p>\n\n\n\n<p>Jeho zku\u0161enosti a nasazen\u00ed v\u00fdznamn\u011b p\u0159isp\u011bly k zaji\u0161t\u011bn\u00ed toho, aby okresn\u00ed sdru\u017een\u00ed z\u016fstalo stabiln\u00ed i v finan\u010dn\u011b obt\u00ed\u017en\u00fdch dob\u00e1ch a aby projekty byly \u00fasp\u011b\u0161n\u011b realizov\u00e1ny. D\u011bkujeme mu za vynikaj\u00edc\u00ed pr\u00e1ci a nasazen\u00ed, kter\u00e9 se v\u017edy vyzna\u010duje vysokou profesionalitou a integritou.<\/p>\n\n\n\n<p>Krom\u011b sv\u00e9ho z\u00e1vazku k financ\u00edm na\u0161eho okresn\u00edho sdru\u017een\u00ed je Joachim Nickel tak\u00e9 dlouholet\u00fdm \u010dlenem m\u00edstn\u00edho poradn\u00edho v\u00fdboru Hanau-Kesselstadt. Hanausk\u00e1 Strana zelen\u00fdch by mu r\u00e1da pod\u011bkovala za jeho nasazen\u00ed v ter\u00e9nu, kter\u00e9 ukazuje jeho hlubokou oddanost regionu a jeho v\u016fli aktivn\u011b utv\u00e1\u0159et \u017eivoty lid\u00ed v jeho bezprost\u0159edn\u00edm okol\u00ed.<br><\/p>\n\n\n\n<p>\u201eJoachim je nejen nepostradateln\u00fdm \u010dlenem na\u0161\u00ed rady, ale tak\u00e9 vzorem pro dobrovolnictv\u00ed. Jeho znalosti a oddanost jsou pro n\u00e1s neoceniteln\u00e9,\" gratuluj\u00ed Anja Zellerov\u00e1 a Thomas Gassen, mluv\u010d\u00ed Zelen\u00fdch Main-Kinzig.<\/p>\n\n\n\n<p>P\u0159ejeme Joachimu Nickelovi dal\u0161\u00ed zdrav\u00ed, radost a \u00fasp\u011bch v jeho pr\u00e1ci a t\u011b\u0161\u00edme se na dal\u0161\u00ed spolupr\u00e1ci.<\/p>\n\n\n\n<p>Gratuluji a v\u0161echno nejlep\u0161\u00ed pro p\u0159\u00ed\u0161t\u00ed rok, Joachime!<\/p>","protected":false},"excerpt":{"rendered":"<p>Zelen\u00ed Main-Kinzig a Hanau srde\u010dn\u011b gratuluj\u00ed sv\u00e9mu dlouholet\u00e9mu anga\u017eovan\u00e9mu \u010dlenovi Joachimu Nickelovi k jeho 70. narozenin\u00e1m. narozeniny. Po mnoho let Joachim Nickel pokra\u010duje jako okresn\u00ed pokladn\u00edk s ne\u00fanavn\u00fdm odhodl\u00e1n\u00edm a skv\u011bl\u00fdm [...]<\/p>","protected":false},"author":-1,"featured_media":2357,"comment_status":"closed","ping_status":"open","sticky":true,"template":"","format":"standard","meta":{"footnotes":""},"categories":[1],"tags":[],"class_list":["post-2356","post","type-post","status-publish","format-standard","has-post-thumbnail","hentry","category-allgemein"],"_links":{"self":[{"href":"https:\/\/www.gruene-mkk.de\/cs\/wp-json\/wp\/v2\/posts\/2356","targetHints":{"allow":["GET"]}}],"collection":[{"href":"https:\/\/www.gruene-mkk.de\/cs\/wp-json\/wp\/v2\/posts"}],"about":[{"href":"https:\/\/www.gruene-mkk.de\/cs\/wp-json\/wp\/v2\/types\/post"}],"author":[{"embeddable":true,"href":"https:\/\/www.gruene-mkk.de\/cs\/wp-json\/wp\/v2\/users\/2"}],"replies":[{"embeddable":true,"href":"https:\/\/www.gruene-mkk.de\/cs\/wp-json\/wp\/v2\/comments?post=2356"}],"version-history":[{"count":1,"href":"https:\/\/www.gruene-mkk.de\/cs\/wp-json\/wp\/v2\/posts\/2356\/revisions"}],"predecessor-version":[{"id":2358,"href":"https:\/\/www.gruene-mkk.de\/cs\/wp-json\/wp\/v2\/posts\/2356\/revisions\/2358"}],"wp:featuredmedia":[{"embeddable":true,"href":"https:\/\/www.gruene-mkk.de\/cs\/wp-json\/wp\/v2\/media\/2357"}],"wp:attachment":[{"href":"https:\/\/www.gruene-mkk.de\/cs\/wp-json\/wp\/v2\/media?parent=2356"}],"wp:term":[{"taxonomy":"category","embeddable":true,"href":"https:\/\/www.gruene-mkk.de\/cs\/wp-json\/wp\/v2\/categories?post=2356"},{"taxonomy":"post_tag","embeddable":true,"href":"https:\/\/www.gruene-mkk.de\/cs\/wp-json\/wp\/v2\/tags?post=2356"}],"curies":[{"name":"wp","href":"https:\/\/api.w.org\/{rel}","templated":true}]}}