{"id":228,"date":"2021-10-11T15:28:00","date_gmt":"2021-10-11T13:28:00","guid":{"rendered":"https:\/\/www.alles-bleibt-anders.org\/?p=228"},"modified":"2021-11-12T19:29:55","modified_gmt":"2021-11-12T18:29:55","slug":"gruene-treffen-sich-in-brachttal","status":"publish","type":"post","link":"https:\/\/www.gruene-mkk.de\/cs\/gruene-treffen-sich-in-brachttal\/","title":{"rendered":"Zelen\u00ed se setkaj\u00ed v Brachttalu"},"content":{"rendered":"<!--more-->\n\n\n\n<p>Minul\u00fd p\u00e1tek se Kreisverband B\u00fcndnis 90\/Die Gr\u00fcnen Main-Kinzig (Aliance 90\/Zelen\u00ed Main-Kinzig) vydal na cestu okresem Schlierbach, mimo jin\u00e9 s Markusem Hofmannem, \u010dlenem Zelen\u00e9ho zemsk\u00e9ho sn\u011bmu, a \u010dleny z Brachttalu a okoln\u00edch komunit. Obec se v posledn\u00edch t\u00fddnech zav\u00e1zala podporovat st\u00e1tn\u00ed vl\u00e1du v rozvoji vesnic, co\u017e zelen\u00ed vyu\u017eili jako p\u0159\u00edle\u017eitost k v\u00fdm\u011bn\u011b pot\u0159eb a p\u0159\u00edle\u017eitost\u00ed k tomu, aby m\u00edsta, jako je Brachttal, byla atraktivn\u011bj\u0161\u00ed pro obyvatele a n\u00e1v\u0161t\u011bvn\u00edky.<\/p>\n\n\n\n<p>\u00da\u010dastn\u00edci nejprve nav\u0161t\u00edvili prodejnu \u201eLandGl\u00fcck\u201c ve star\u00e9 keramick\u00e9 tov\u00e1rn\u011b ve W\u00e4chtersbachu. \u201eUdr\u017eitelnost je d\u016fle\u017eitou sou\u010d\u00e1st\u00ed koncepce na\u0161eho obchodu\u201c, vysv\u011btlila Mona Frankov\u00e1, jedna z provozovatel\u016f obchodu, kde krom\u011b potravin z Brachttalu prod\u00e1vaj\u00ed ru\u010dn\u011b vyr\u00e1b\u011bn\u00e9 v\u00fdrobky p\u0159\u00edmo v\u00fdrobci z cel\u00e9ho N\u011bmecka. Obchod s pou\u017eit\u00fdm oble\u010den\u00edm \u201ePusteblume\u201c si tak\u00e9 na\u0161el m\u00edsto v prostorn\u00e9m obchod\u011b. \"Kdy\u017e jsme v lednu znovu otev\u0159eli obchod pod nov\u00fdm n\u00e1zvem, cht\u011bli jsme tak\u00e9 zm\u00ednit tov\u00e1rnu na keramiku,\" pokra\u010doval Frank. \u201eProto jsme do na\u0161eho obchodu p\u0159idali kolekci keramiky.\u201c<\/p>\n\n\n\n<p>\"Dal\u0161\u00ed budovy star\u00e9 keramick\u00e9 tov\u00e1rny jsou \u010d\u00e1ste\u010dn\u011b vyu\u017e\u00edv\u00e1ny jako kancel\u00e1\u0159sk\u00e9 prostory a v are\u00e1lu je tak\u00e9 bar,\" vysv\u011btluje Matthias Dorka, \u010dlen Strany zelen\u00fdch v Brachttalu. N\u011bkter\u00e9 oblasti jsou nevyu\u017eit\u00e9. Dal\u0161\u00ed trasa vedla kolem sportovn\u00edho h\u0159i\u0161t\u011b, turistick\u00fdch stezek a soci\u00e1ln\u00edho za\u0159\u00edzen\u00ed. Cestou se \u00fa\u010dastn\u00edci dozv\u011bd\u011bli hodn\u011b o historii komunity od p\u0159\u00edtomn\u00fdch Brachttaler\u016f. \u010clenov\u00e9 okoln\u00edch komunit, Biebergem\u00fcnd, W\u00e4chtersbach a Bad Orb, diskutovali o spole\u010dn\u00fdch v\u00fdzv\u00e1ch p\u0159i udr\u017eov\u00e1n\u00ed infrastruktury, jako je l\u00e9ka\u0159sk\u00e1 p\u00e9\u010de, a o mo\u017en\u00fdch spole\u010dn\u00fdch projektech.<\/p>\n\n\n\n<p>\"V Brachttalu m\u016f\u017eete vid\u011bt spoustu v\u011bc\u00ed, kter\u00e9 se ji\u017e da\u0159\u00ed dob\u0159e, ale tak\u00e9 spoustu potenci\u00e1lu a v\u00fdzev, kter\u00e9 my Zelen\u00ed chceme \u0159e\u0161it, zejm\u00e9na ve venkovsk\u00e9 oblasti Main-Kinzig,\" \u0159ekl Reiner Bousonville, \u010dlen p\u0159edstavenstva Zelen\u00fdch Main-Kinzig a p\u0159edseda skupiny, kter\u00fd se tak\u00e9 z\u00fa\u010dastnil setk\u00e1n\u00ed. \"Abychom se s t\u00edm mohli vypo\u0159\u00e1dat v z\u00e1jmu ob\u010dan\u016f v obc\u00edch, douf\u00e1me, \u017ee z\u00edsk\u00e1me v\u00edce \u010dlen\u016f v Brachttalu a okoln\u00edch vesnic\u00edch, jako je Bad Soden Salm\u00fcnster nebo Birstein,\" \u0159ekl Bousonville. Zelen\u00ed po\u0159\u00e1daj\u00ed dne 3. listopadu v 19:00 v Brachttalu \u201ezelen\u00fd kulat\u00fd st\u016fl\u201c jako p\u0159\u00edle\u017eitost k dal\u0161\u00ed v\u00fdm\u011bn\u011b n\u00e1zor\u016f a jako kontaktn\u00ed m\u00edsto pro z\u00fa\u010dastn\u011bn\u00e9 strany. M\u00edsto setk\u00e1n\u00ed je \u201eWLC the Room\u201c, Fabrikstra\u00dfe 12,63636 Brachttal-Schliebach. Z\u00fa\u010dastn\u011bn\u00e9 strany se mohou obr\u00e1tit na okresn\u00ed sdru\u017een\u00ed Green Main-Kinzig na adrese: <a href=\"#\" data-unscramble=\"ed.kkm-eneurg@vk\">kv@gruene-mkk.de<\/a> podat zpr\u00e1vu.<\/p>","protected":false},"excerpt":{"rendered":"","protected":false},"author":-1,"featured_media":229,"comment_status":"open","ping_status":"open","sticky":false,"template":"","format":"standard","meta":{"footnotes":""},"categories":[4],"tags":[],"class_list":["post-228","post","type-post","status-publish","format-standard","has-post-thumbnail","hentry","category-newsortsverbaende"],"_links":{"self":[{"href":"https:\/\/www.gruene-mkk.de\/cs\/wp-json\/wp\/v2\/posts\/228","targetHints":{"allow":["GET"]}}],"collection":[{"href":"https:\/\/www.gruene-mkk.de\/cs\/wp-json\/wp\/v2\/posts"}],"about":[{"href":"https:\/\/www.gruene-mkk.de\/cs\/wp-json\/wp\/v2\/types\/post"}],"author":[{"embeddable":true,"href":"https:\/\/www.gruene-mkk.de\/cs\/wp-json\/wp\/v2\/users\/2"}],"replies":[{"embeddable":true,"href":"https:\/\/www.gruene-mkk.de\/cs\/wp-json\/wp\/v2\/comments?post=228"}],"version-history":[{"count":1,"href":"https:\/\/www.gruene-mkk.de\/cs\/wp-json\/wp\/v2\/posts\/228\/revisions"}],"predecessor-version":[{"id":230,"href":"https:\/\/www.gruene-mkk.de\/cs\/wp-json\/wp\/v2\/posts\/228\/revisions\/230"}],"wp:featuredmedia":[{"embeddable":true,"href":"https:\/\/www.gruene-mkk.de\/cs\/wp-json\/wp\/v2\/media\/229"}],"wp:attachment":[{"href":"https:\/\/www.gruene-mkk.de\/cs\/wp-json\/wp\/v2\/media?parent=228"}],"wp:term":[{"taxonomy":"category","embeddable":true,"href":"https:\/\/www.gruene-mkk.de\/cs\/wp-json\/wp\/v2\/categories?post=228"},{"taxonomy":"post_tag","embeddable":true,"href":"https:\/\/www.gruene-mkk.de\/cs\/wp-json\/wp\/v2\/tags?post=228"}],"curies":[{"name":"wp","href":"https:\/\/api.w.org\/{rel}","templated":true}]}}