{"id":225,"date":"2021-10-06T11:26:00","date_gmt":"2021-10-06T09:26:00","guid":{"rendered":"https:\/\/www.alles-bleibt-anders.org\/?p=225"},"modified":"2021-11-12T19:27:53","modified_gmt":"2021-11-12T18:27:53","slug":"mehr-als-400-mitglieder-im-main-kinzig-kreis","status":"publish","type":"post","link":"https:\/\/www.gruene-mkk.de\/cs\/mehr-als-400-mitglieder-im-main-kinzig-kreis\/","title":{"rendered":"V\u00edce ne\u017e 400 \u010dlen\u016f v Main-Kinzig-Kreis"},"content":{"rendered":"<p>V z\u00e1\u0159\u00ed p\u0159iv\u00edtal Kreisverband B\u00fcndnis 90\/Die Gr\u00fcnen Main-Kinzig sv\u00e9 400. v\u00fdro\u010d\u00ed. \u010clenov\u00e9 a od t\u00e9 doby i \u010dlenov\u00e9 jsou p\u0159id\u00e1v\u00e1ni ka\u017ed\u00fd t\u00fdden. <\/p>\n\n\n\n<!--more-->\n\n\n\n<p>\"Jsme velmi pot\u011b\u0161eni, \u017ee se tolik lid\u00ed zaj\u00edm\u00e1 o t\u00e9mata Zelen\u00fdch a jsou ochotni se politicky anga\u017eovat,\" \u0159ekl G\u00fcnther Koch, mluv\u010d\u00ed rady Zelen\u00fdch Main-Kinzig.<\/p>\n\n\n\n<p>\u010cty\u0159ic\u00e1t\u00fd \u010dtvrt\u00fd. \u010clenem Strany zelen\u00fdch je Matthias Dorka z Brachttalu. \u201eCht\u011bl jsem se zapojit do p\u00e1rty v m\u00e9 obci Brachttal, ale i mimo ni. U Zelen\u00fdch jsem zjistil, \u017ee se nejv\u00edce p\u0159ekr\u00fdvaj\u00ed s m\u00fdmi z\u00e1jmy a n\u00e1zory, co\u017e m\u011b vedlo k tomu, abych se p\u0159ipojil,\" \u0159ekl Dorka. Kr\u00e1tce po sv\u00e9m n\u00e1stupu byl nov\u00fd \u010dlen ji\u017e aktivn\u00ed ve volebn\u00ed kampani Spolkov\u00e9ho sn\u011bmu, zav\u011bsil plak\u00e1ty a rozd\u00e1val let\u00e1ky ve sv\u00e9m okrese Schlierbach. Nyn\u00ed Dorka douf\u00e1, \u017ee najde je\u0161t\u011b v\u00edce kamar\u00e1d\u016f ve zbrani ve sv\u00e9 domovsk\u00e9 komunit\u011b a o\u017eiv\u00ed m\u00edstn\u00ed sdru\u017een\u00ed Zelen\u00fdch.<\/p>\n\n\n\n<p>\"Okresn\u00ed sdru\u017een\u00ed r\u00e1do podporuje motivovan\u00e9 nov\u00e9 \u010dleny, aby se zapojili na sv\u00e9m m\u00edst\u011b,\" \u0159\u00edk\u00e1 Koch. \"Zejm\u00e9na ve venkovsk\u00fdch oblastech v\u00fdchodn\u00edho okresu Main-Kinzig vid\u00edme velk\u00fd potenci\u00e1l k je\u0161t\u011b v\u011bt\u0161\u00edmu vnesen\u00ed zelen\u00fdch ot\u00e1zek.\" Rostouc\u00ed po\u010det \u010dlen\u016f a dobr\u00e9 v\u00fdsledky ned\u00e1vn\u00fdch voleb v okoln\u00edch obc\u00edch, jako jsou W\u00e4chtersbach, Biebergem\u00fcnd a Bad Ob, mimo jin\u00e9 jasn\u011b uk\u00e1zaly, \u017ee existuje z\u00e1jem a pot\u0159eba zelen\u00e9 komun\u00e1ln\u00ed politiky.<\/p>\n\n\n\n<p>Ale tak\u00e9 ve v\u011bt\u0161\u00edch m\u00edstn\u00edch sdru\u017een\u00edch v z\u00e1padn\u00edm okrese Main-Kinzig, jako je Hanau, Maintal a Nidderau, po\u010det \u010dlen\u016f nad\u00e1le roste i po feder\u00e1ln\u00edch volb\u00e1ch. \u201eJsme p\u0159esv\u011bd\u010deni, \u017ee na\u0161ich 500 bude brzy k dispozici. Poslanci mohou slavit,\" \u0159\u00edk\u00e1 G\u00fcnther Koch. \u201eV okresn\u00edm sdru\u017een\u00ed a m\u00edstn\u00edch sdru\u017een\u00edch se nyn\u00ed sna\u017e\u00edme co nejl\u00e9pe zapojit nov\u00e9 \u010dleny do stranick\u00e9 pr\u00e1ce, abychom d\u00e1le pokro\u010dili v ot\u00e1zk\u00e1ch, jako je soci\u00e1ln\u00ed spravedlnost a ochrana klimatu na obecn\u00ed \u00farovni, a abychom byli dob\u0159e p\u0159ipraveni na budouc\u00ed volby a volebn\u00ed kampan\u011b.\u201c<\/p>","protected":false},"excerpt":{"rendered":"<p>V z\u00e1\u0159\u00ed p\u0159iv\u00edtal Kreisverband B\u00fcndnis 90\/Die Gr\u00fcnen Main-Kinzig sv\u00e9 400. v\u00fdro\u010d\u00ed. \u010clenov\u00e9 a od t\u00e9 doby i \u010dlenov\u00e9 jsou p\u0159id\u00e1v\u00e1ni ka\u017ed\u00fd t\u00fdden.<\/p>","protected":false},"author":-1,"featured_media":226,"comment_status":"open","ping_status":"open","sticky":false,"template":"","format":"standard","meta":{"footnotes":""},"categories":[1],"tags":[],"class_list":["post-225","post","type-post","status-publish","format-standard","has-post-thumbnail","hentry","category-allgemein"],"_links":{"self":[{"href":"https:\/\/www.gruene-mkk.de\/cs\/wp-json\/wp\/v2\/posts\/225","targetHints":{"allow":["GET"]}}],"collection":[{"href":"https:\/\/www.gruene-mkk.de\/cs\/wp-json\/wp\/v2\/posts"}],"about":[{"href":"https:\/\/www.gruene-mkk.de\/cs\/wp-json\/wp\/v2\/types\/post"}],"author":[{"embeddable":true,"href":"https:\/\/www.gruene-mkk.de\/cs\/wp-json\/wp\/v2\/users\/2"}],"replies":[{"embeddable":true,"href":"https:\/\/www.gruene-mkk.de\/cs\/wp-json\/wp\/v2\/comments?post=225"}],"version-history":[{"count":1,"href":"https:\/\/www.gruene-mkk.de\/cs\/wp-json\/wp\/v2\/posts\/225\/revisions"}],"predecessor-version":[{"id":227,"href":"https:\/\/www.gruene-mkk.de\/cs\/wp-json\/wp\/v2\/posts\/225\/revisions\/227"}],"wp:featuredmedia":[{"embeddable":true,"href":"https:\/\/www.gruene-mkk.de\/cs\/wp-json\/wp\/v2\/media\/226"}],"wp:attachment":[{"href":"https:\/\/www.gruene-mkk.de\/cs\/wp-json\/wp\/v2\/media?parent=225"}],"wp:term":[{"taxonomy":"category","embeddable":true,"href":"https:\/\/www.gruene-mkk.de\/cs\/wp-json\/wp\/v2\/categories?post=225"},{"taxonomy":"post_tag","embeddable":true,"href":"https:\/\/www.gruene-mkk.de\/cs\/wp-json\/wp\/v2\/tags?post=225"}],"curies":[{"name":"wp","href":"https:\/\/api.w.org\/{rel}","templated":true}]}}