{"id":1963,"date":"2023-12-07T16:49:43","date_gmt":"2023-12-07T15:49:43","guid":{"rendered":"https:\/\/www.gruene-mkk.de\/?p=1963"},"modified":"2023-12-12T14:52:33","modified_gmt":"2023-12-12T13:52:33","slug":"thomas-gassen-und-anja-zeller-sind-neue-sprecher","status":"publish","type":"post","link":"https:\/\/www.gruene-mkk.de\/cs\/thomas-gassen-und-anja-zeller-sind-neue-sprecher\/","title":{"rendered":"Thomas Gassen a Anja Zeller jsou nov\u00ed \u0159e\u010dn\u00edci"},"content":{"rendered":"<p><em>Okresn\u00ed rada Green Main-Kinzig vol\u00ed nov\u00e9 vedouc\u00ed \/ p\u0159\u00edstupov\u00e9 \u010dleny<\/em><\/p>\n\n\n\n<div class=\"wp-block-media-text is-stacked-on-mobile is-vertically-aligned-top\"><figure class=\"wp-block-media-text__media\"><img loading=\"lazy\" decoding=\"async\" width=\"560\" height=\"1200\" src=\"https:\/\/www.gruene-mkk.de\/wp-content\/uploads\/2023\/12\/20231201_205715-560x1200.jpg\" alt=\"\" class=\"wp-image-1965 size-full\" srcset=\"https:\/\/www.gruene-mkk.de\/wp-content\/uploads\/2023\/12\/20231201_205715-560x1200.jpg 560w, https:\/\/www.gruene-mkk.de\/wp-content\/uploads\/2023\/12\/20231201_205715-280x600.jpg 280w, https:\/\/www.gruene-mkk.de\/wp-content\/uploads\/2023\/12\/20231201_205715-768x1645.jpg 768w, https:\/\/www.gruene-mkk.de\/wp-content\/uploads\/2023\/12\/20231201_205715-717x1536.jpg 717w, https:\/\/www.gruene-mkk.de\/wp-content\/uploads\/2023\/12\/20231201_205715-956x2048.jpg 956w, https:\/\/www.gruene-mkk.de\/wp-content\/uploads\/2023\/12\/20231201_205715-scaled.jpg 1196w\" sizes=\"auto, (max-width: 560px) 100vw, 560px\" \/><\/figure><div class=\"wp-block-media-text__content\">\n<p>Anja Zeller a Thomas Gassen jsou nov\u00fdmi mluv\u010d\u00edmi Green District Board Main-Kinzig. V r\u00e1mci sv\u00e9ho \u00fastupu byli oba zvoleni \u010dleny rady.<\/p>\n\n\n\n<p>Pot\u00e9, co se okresn\u00ed rada v posledn\u00edch volb\u00e1ch t\u00e9m\u011b\u0159 \u00fapln\u011b p\u0159em\u00edstila, se nyn\u00ed \u010dlenov\u00e9 se\u0161li na sv\u00e9m setk\u00e1n\u00ed na \u00fastupu: \"Bylo pro n\u00e1s d\u016fle\u017eit\u00e9 prodiskutovat z\u00e1klady pr\u00e1ce p\u0159edstavenstva a definovat na\u0161e priority pro p\u0159\u00ed\u0161t\u00ed dva roky,\" \u0159\u00edk\u00e1 Zeller a Gassen.<\/p>\n\n\n\n<p>Anja Zeller je zku\u0161en\u00fd politik z Hanau, Thomas Gassen byl aktivn\u00ed v m\u00edstn\u00ed politice v Gro\u00dfkrotzenburg po cel\u00e1 l\u00e9ta: \"Vyu\u017e\u00edv\u00e1me tuto politickou zku\u0161enost, stejn\u011b jako na\u0161i dlouholetou spolupr\u00e1ci se Zelen\u00fdmi, s n\u00e1mi, abychom se aktivn\u011b postavili hlavn\u00edm v\u00fdzv\u00e1m nadch\u00e1zej\u00edc\u00edch let,\" zd\u016fraznili Zeller a Gassen: \u201eSvoboda v okrese Hanau, p\u0159\u00ed\u0161t\u00ed m\u00edstn\u00ed volby a posun doprava v n\u011bkter\u00fdch \u010d\u00e1stech okresu p\u0159in\u00e1\u0161ej\u00ed nov\u00e9 \u00fakoly, kter\u00e9 mus\u00edme \u0159e\u0161it spole\u010dn\u011b.\u201c<\/p>\n\n\n\n<p><\/p>\n<\/div><\/div>\n\n\n\n<p>Jsme r\u00e1di, \u017ee m\u016f\u017eeme p\u0159evz\u00edt tuto d\u016fle\u017eitou a vzru\u0161uj\u00edc\u00ed roli a b\u00fdt hlasem na\u0161eho okresn\u00edho sdru\u017een\u00ed pro vn\u011bj\u0161\u00ed sv\u011bt. Ud\u011bl\u00e1me v\u0161e, co je v na\u0161ich sil\u00e1ch, abychom naslouchali a adekv\u00e1tn\u011b zastupovali z\u00e1jmy a pot\u0159eby v\u0161ech m\u00edstn\u00edch sdru\u017een\u00ed a \u010dlen\u016f. Spole\u010dn\u011b m\u016f\u017eeme p\u0159in\u00e9st pozitivn\u00ed zm\u011bny a dos\u00e1hnout na\u0161ich zelen\u00fdch c\u00edl\u016f v okrese Main-Kinzig. R\u00e1di bychom vyj\u00e1d\u0159ili up\u0159\u00edmn\u00e9 pod\u011bkov\u00e1n\u00ed za d\u016fv\u011bru, kterou n\u00e1m okresn\u00ed rada vlo\u017eila. Do na\u0161\u00ed nov\u00e9 role vstupujeme s velkou motivac\u00ed a t\u011b\u0161\u00edme se na to, a\u017e za\u010dneme.\u201c<\/p>\n\n\n\n<p>Anja Zeller je zku\u0161en\u00fd politik z Hanau, Thomas Gassen byl aktivn\u00ed v m\u00edstn\u00ed politice v Gro\u00dfkrotzenburg po cel\u00e1 l\u00e9ta: \"Vyu\u017e\u00edv\u00e1me tuto politickou zku\u0161enost, stejn\u011b jako na\u0161i dlouholetou spolupr\u00e1ci se Zelen\u00fdmi, s n\u00e1mi, abychom se aktivn\u011b postavili hlavn\u00edm v\u00fdzv\u00e1m nadch\u00e1zej\u00edc\u00edch let,\" zd\u016fraznili Zeller a Gassen: \"Svoboda okresu Hanau, p\u0159\u00ed\u0161t\u00ed m\u00edstn\u00ed volby a posun doprava v n\u011bkter\u00fdch \u010d\u00e1stech okresu p\u0159in\u00e1\u0161ej\u00ed nov\u00e9 \u00fakoly, kter\u00e9 mus\u00edme spole\u010dn\u011b \u0159e\u0161it.\" Jsme r\u00e1di, \u017ee se m\u016f\u017eeme ujmout t\u00e9to d\u016fle\u017eit\u00e9 a vzru\u0161uj\u00edc\u00ed role a b\u00fdt hlasem na\u0161eho okresn\u00edho sdru\u017een\u00ed pro okoln\u00ed sv\u011bt. Ud\u011bl\u00e1me v\u0161e, co je v na\u0161ich sil\u00e1ch, abychom naslouchali a adekv\u00e1tn\u011b zastupovali z\u00e1jmy a pot\u0159eby v\u0161ech m\u00edstn\u00edch sdru\u017een\u00ed a \u010dlen\u016f. Spole\u010dn\u011b m\u016f\u017eeme p\u0159in\u00e9st pozitivn\u00ed zm\u011bny a dos\u00e1hnout na\u0161ich zelen\u00fdch c\u00edl\u016f v okrese Main-Kinzig. R\u00e1di bychom vyj\u00e1d\u0159ili up\u0159\u00edmn\u00e9 pod\u011bkov\u00e1n\u00ed za d\u016fv\u011bru, kterou n\u00e1m okresn\u00ed rada vlo\u017eila. Do nov\u00e9ho \u00fakolu se pou\u0161t\u00edme s velkou motivac\u00ed a<\/p>","protected":false},"excerpt":{"rendered":"<p>Anja Zeller a Thomas Gassen jsou nov\u00fdmi mluv\u010d\u00edmi Green District Board Main-Kinzig. B\u011bhem sv\u00e9ho \u00fastupu se oba [...]<\/p>","protected":false},"author":-1,"featured_media":0,"comment_status":"closed","ping_status":"open","sticky":true,"template":"","format":"standard","meta":{"footnotes":""},"categories":[1],"tags":[],"class_list":["post-1963","post","type-post","status-publish","format-standard","hentry","category-allgemein"],"_links":{"self":[{"href":"https:\/\/www.gruene-mkk.de\/cs\/wp-json\/wp\/v2\/posts\/1963","targetHints":{"allow":["GET"]}}],"collection":[{"href":"https:\/\/www.gruene-mkk.de\/cs\/wp-json\/wp\/v2\/posts"}],"about":[{"href":"https:\/\/www.gruene-mkk.de\/cs\/wp-json\/wp\/v2\/types\/post"}],"author":[{"embeddable":true,"href":"https:\/\/www.gruene-mkk.de\/cs\/wp-json\/wp\/v2\/users\/2"}],"replies":[{"embeddable":true,"href":"https:\/\/www.gruene-mkk.de\/cs\/wp-json\/wp\/v2\/comments?post=1963"}],"version-history":[{"count":2,"href":"https:\/\/www.gruene-mkk.de\/cs\/wp-json\/wp\/v2\/posts\/1963\/revisions"}],"predecessor-version":[{"id":1967,"href":"https:\/\/www.gruene-mkk.de\/cs\/wp-json\/wp\/v2\/posts\/1963\/revisions\/1967"}],"wp:attachment":[{"href":"https:\/\/www.gruene-mkk.de\/cs\/wp-json\/wp\/v2\/media?parent=1963"}],"wp:term":[{"taxonomy":"category","embeddable":true,"href":"https:\/\/www.gruene-mkk.de\/cs\/wp-json\/wp\/v2\/categories?post=1963"},{"taxonomy":"post_tag","embeddable":true,"href":"https:\/\/www.gruene-mkk.de\/cs\/wp-json\/wp\/v2\/tags?post=1963"}],"curies":[{"name":"wp","href":"https:\/\/api.w.org\/{rel}","templated":true}]}}