{"id":1467,"date":"2022-11-21T11:51:00","date_gmt":"2022-11-21T10:51:00","guid":{"rendered":"https:\/\/www.gruene-mkk.de\/?p=1467"},"modified":"2022-11-21T11:51:01","modified_gmt":"2022-11-21T10:51:01","slug":"gruene-nidderau-tagen-in-rueckersbach","status":"publish","type":"post","link":"https:\/\/www.gruene-mkk.de\/cs\/gruene-nidderau-tagen-in-rueckersbach\/","title":{"rendered":"Setk\u00e1n\u00ed Green Nidderau v R\u00fcckersbachu"},"content":{"rendered":"<p>Na konci \u0159\u00edjna se frakce Nidderauer Greens a z\u00e1jem o m\u00edstn\u00ed sdru\u017een\u00ed<br>Konference v Semin\u00e1rn\u00edm dom\u011b v R\u00fcckersbachu.<br>T\u00e9matem byl m\u011bstsk\u00fd rozpo\u010det na obdob\u00ed 2023\u20132024. Bylo odvedeno mnoho pr\u00e1ce, diskutov\u00e1no a vysl\u00fdch\u00e1no. Jak\u00e9 projekty chceme podporovat u Zelen\u00fdch? Kde se d\u00e1 n\u011bco zachr\u00e1nit? Kter\u00e9 projekty jsou na\u0161\u00ed prioritou? Bylo toho hodn\u011b na pr\u00e1ci.<br>Po intenzivn\u00edch diskus\u00edch bylo shrom\u00e1\u017ed\u011bno n\u011bkolik n\u00e1vrh\u016f nov\u00e9ho rozpo\u010dtu. Investi\u010dn\u00ed program m\u00e1 nap\u0159\u00edklad ka\u017edoro\u010dn\u011b zahrnovat finan\u010dn\u00ed prost\u0159edky na energeticky \u00fa\u010dinnou renovaci m\u011bstsk\u00fdch budov. \"Sn\u00ed\u017een\u00ed \u0161kodliv\u00fdch sklen\u00edkov\u00fdch plyn\u016f pomoc\u00ed tepeln\u011b izola\u010dn\u00edch opat\u0159en\u00ed a p\u0159echod od spalovac\u00edch oh\u0159\u00edva\u010d\u016f k tepeln\u00fdm \u010derpadl\u016fm mus\u00ed prob\u011bhnout rychle,\" vysv\u011btluje Tanja Seelbach, mluv\u010d\u00ed p\u0159edstavenstva spole\u010dnosti Nidderauer GR\u00dcNEN. O\u010dek\u00e1v\u00e1 se, \u017ee budou provedeny dal\u0161\u00ed pl\u00e1novan\u00e9 aplikace s c\u00edlem zlep\u0161it cyklistickou infrastrukturu a neuzav\u0159enou p\u016fdu. \u201eC\u00edlem je rovn\u011b\u017e sn\u00ed\u017eit emise CO2 a umo\u017enit vyplavov\u00e1n\u00ed de\u0161\u0165ov\u00e9 vody. Jedn\u00e1 se o nal\u00e9hav\u00e9 \u00fakoly na\u0161\u00ed doby,\u201c pokra\u010duje Seelbach.<br>Pobyt v R\u00fcckersbachu tak\u00e9 slou\u017eil k tomu, abyste spolu str\u00e1vili trochu v\u00edce \u010dasu.<br>tr\u00e1vit \u010das v\u00fdm\u011bnou n\u00e1pad\u016f a vychutnat si vynikaj\u00edc\u00ed kuchyni v R\u00fcckersbachu<br>Nechat se h\u00fd\u010dkat.<\/p>","protected":false},"excerpt":{"rendered":"<p>Na konci \u0159\u00edjna se frakce Nidderauer Greens a z\u00e1jem o m\u00edstn\u00ed sdru\u017een\u00ed<br \/>\nKonference v Semin\u00e1rn\u00edm dom\u011b v R\u00fcckersbachu.<\/p>","protected":false},"author":-1,"featured_media":1468,"comment_status":"closed","ping_status":"open","sticky":false,"template":"","format":"standard","meta":{"footnotes":""},"categories":[1],"tags":[],"class_list":["post-1467","post","type-post","status-publish","format-standard","has-post-thumbnail","hentry","category-allgemein"],"_links":{"self":[{"href":"https:\/\/www.gruene-mkk.de\/cs\/wp-json\/wp\/v2\/posts\/1467","targetHints":{"allow":["GET"]}}],"collection":[{"href":"https:\/\/www.gruene-mkk.de\/cs\/wp-json\/wp\/v2\/posts"}],"about":[{"href":"https:\/\/www.gruene-mkk.de\/cs\/wp-json\/wp\/v2\/types\/post"}],"author":[{"embeddable":true,"href":"https:\/\/www.gruene-mkk.de\/cs\/wp-json\/wp\/v2\/users\/2"}],"replies":[{"embeddable":true,"href":"https:\/\/www.gruene-mkk.de\/cs\/wp-json\/wp\/v2\/comments?post=1467"}],"version-history":[{"count":1,"href":"https:\/\/www.gruene-mkk.de\/cs\/wp-json\/wp\/v2\/posts\/1467\/revisions"}],"predecessor-version":[{"id":1469,"href":"https:\/\/www.gruene-mkk.de\/cs\/wp-json\/wp\/v2\/posts\/1467\/revisions\/1469"}],"wp:featuredmedia":[{"embeddable":true,"href":"https:\/\/www.gruene-mkk.de\/cs\/wp-json\/wp\/v2\/media\/1468"}],"wp:attachment":[{"href":"https:\/\/www.gruene-mkk.de\/cs\/wp-json\/wp\/v2\/media?parent=1467"}],"wp:term":[{"taxonomy":"category","embeddable":true,"href":"https:\/\/www.gruene-mkk.de\/cs\/wp-json\/wp\/v2\/categories?post=1467"},{"taxonomy":"post_tag","embeddable":true,"href":"https:\/\/www.gruene-mkk.de\/cs\/wp-json\/wp\/v2\/tags?post=1467"}],"curies":[{"name":"wp","href":"https:\/\/api.w.org\/{rel}","templated":true}]}}