{"id":1390,"date":"2022-10-17T11:01:18","date_gmt":"2022-10-17T09:01:18","guid":{"rendered":"https:\/\/www.gruene-mkk.de\/?p=1390"},"modified":"2022-10-17T12:06:01","modified_gmt":"2022-10-17T10:06:01","slug":"delegation-beim-parteitag-in-bonn","status":"publish","type":"post","link":"https:\/\/www.gruene-mkk.de\/cs\/delegation-beim-parteitag-in-bonn\/","title":{"rendered":"Delegace na sjezdu strany v Bonnu"},"content":{"rendered":"<p>Minul\u00fd v\u00edkend se na\u0161i deleg\u00e1ti Barbara Sch\u00e4fer a Matthias Dorka z\u00fa\u010dastnili historick\u00e9 konference feder\u00e1ln\u00edch deleg\u00e1t\u016f. Musela b\u00fdt p\u0159ijata obt\u00ed\u017en\u00e1 rozhodnut\u00ed o atmosf\u00e9rick\u00fdch elektr\u00e1rn\u00e1ch, t\u011b\u017eb\u011b uhl\u00ed a dod\u00e1vk\u00e1ch zbran\u00ed. Rozpravy v p\u00e1tek a v sobotu pokra\u010dovaly a\u017e do pozdn\u00edch ve\u010dern\u00edch hodin. Annalena Baerbochov\u00e1, Roberthabeck, Ricarda Langov\u00e1, Omid Nouripour a dal\u0161\u00ed \u010dlenov\u00e9 pronesli strhuj\u00edc\u00ed a emocion\u00e1ln\u00ed projevy, v nich\u017e krom\u011b pot\u0159eby pochybn\u00fdch rozhodnut\u00ed znovu potvrdili solidaritu Zelen\u00fdch s ukrajinsk\u00fdm lidem a zejm\u00e9na se \u017eenami v \u00cdr\u00e1nu a Afgh\u00e1nist\u00e1nu.<\/p>\n\n\n\n<p>Jednalo se o prvn\u00ed konferenci feder\u00e1ln\u00edch deleg\u00e1t\u016f od vypuknut\u00ed koronavirov\u00e9 pandemie. Insegsamt se z\u00fa\u010dastnil akce s 800 deleg\u00e1ty a hosty. V r\u00e1mci debat a hlasov\u00e1n\u00ed, a zejm\u00e9na b\u011bhem oslav v sobotu ve\u010der, bylo mnoho p\u0159\u00edle\u017eitost\u00ed k v\u00fdm\u011bn\u011b n\u00e1pad\u016f a nav\u00e1z\u00e1n\u00ed kontakt\u016f s deleg\u00e1ty z jin\u00fdch okresn\u00edch sdru\u017een\u00ed. <\/p>\n\n\n\n<p>D\u011bkujeme na\u0161im deleg\u00e1t\u016fm za p\u0159\u00edpravu a intenzivn\u00ed zkoum\u00e1n\u00ed p\u0159ihl\u00e1\u0161ek a jejich vytrvalost! <\/p>\n\n\n\n<figure class=\"wp-block-gallery has-nested-images columns-default is-cropped wp-block-gallery-1 is-layout-flex wp-block-gallery-is-layout-flex\">\n<figure class=\"wp-block-image size-large\"><img loading=\"lazy\" decoding=\"async\" width=\"2560\" height=\"1920\" data-id=\"1395\" src=\"https:\/\/www.gruene-mkk.de\/wp-content\/uploads\/2022\/10\/IMG_1940-scaled.jpg\" alt=\"\" class=\"wp-image-1395\" srcset=\"https:\/\/www.gruene-mkk.de\/wp-content\/uploads\/2022\/10\/IMG_1940-scaled.jpg 2560w, https:\/\/www.gruene-mkk.de\/wp-content\/uploads\/2022\/10\/IMG_1940-400x300.jpg 400w, https:\/\/www.gruene-mkk.de\/wp-content\/uploads\/2022\/10\/IMG_1940-800x600.jpg 800w, https:\/\/www.gruene-mkk.de\/wp-content\/uploads\/2022\/10\/IMG_1940-768x576.jpg 768w, https:\/\/www.gruene-mkk.de\/wp-content\/uploads\/2022\/10\/IMG_1940-1536x1152.jpg 1536w, https:\/\/www.gruene-mkk.de\/wp-content\/uploads\/2022\/10\/IMG_1940-2048x1536.jpg 2048w\" sizes=\"auto, (max-width: 2560px) 100vw, 2560px\" \/><figcaption>Ob\u011bd s delegac\u00ed spolkov\u00e9 zem\u011b Offenbach a Braniborsk\u00e9ho Havla<\/figcaption><\/figure>\n\n\n\n<figure class=\"wp-block-image size-large\"><img loading=\"lazy\" decoding=\"async\" width=\"1512\" height=\"2016\" data-id=\"1393\" src=\"https:\/\/www.gruene-mkk.de\/wp-content\/uploads\/2022\/10\/9eeec698-9f7d-4166-bed0-36ebc7cb7718.jpg\" alt=\"\" class=\"wp-image-1393\" srcset=\"https:\/\/www.gruene-mkk.de\/wp-content\/uploads\/2022\/10\/9eeec698-9f7d-4166-bed0-36ebc7cb7718.jpg 1512w, https:\/\/www.gruene-mkk.de\/wp-content\/uploads\/2022\/10\/9eeec698-9f7d-4166-bed0-36ebc7cb7718-400x533.jpg 400w, https:\/\/www.gruene-mkk.de\/wp-content\/uploads\/2022\/10\/9eeec698-9f7d-4166-bed0-36ebc7cb7718-800x1067.jpg 800w, https:\/\/www.gruene-mkk.de\/wp-content\/uploads\/2022\/10\/9eeec698-9f7d-4166-bed0-36ebc7cb7718-768x1024.jpg 768w, https:\/\/www.gruene-mkk.de\/wp-content\/uploads\/2022\/10\/9eeec698-9f7d-4166-bed0-36ebc7cb7718-1152x1536.jpg 1152w\" sizes=\"auto, (max-width: 1512px) 100vw, 1512px\" \/><figcaption>Barbara Sch\u00e4fer (v delegaci), Robert Erkan (kandid\u00e1t do st\u00e1tn\u00edch voleb v roce 2023), Mareike Forchheim (n\u00e1hradn\u00ed deleg\u00e1t), Matthias Dorka (v delegaci)<\/figcaption><\/figure>\n\n\n\n<figure class=\"wp-block-image size-large\"><img loading=\"lazy\" decoding=\"async\" width=\"1600\" height=\"1204\" data-id=\"1397\" src=\"https:\/\/www.gruene-mkk.de\/wp-content\/uploads\/2022\/10\/BDK2022.jpg\" alt=\"\" class=\"wp-image-1397\" srcset=\"https:\/\/www.gruene-mkk.de\/wp-content\/uploads\/2022\/10\/BDK2022.jpg 1600w, https:\/\/www.gruene-mkk.de\/wp-content\/uploads\/2022\/10\/BDK2022-400x301.jpg 400w, https:\/\/www.gruene-mkk.de\/wp-content\/uploads\/2022\/10\/BDK2022-800x602.jpg 800w, https:\/\/www.gruene-mkk.de\/wp-content\/uploads\/2022\/10\/BDK2022-768x578.jpg 768w, https:\/\/www.gruene-mkk.de\/wp-content\/uploads\/2022\/10\/BDK2022-1536x1156.jpg 1536w\" sizes=\"auto, (max-width: 1600px) 100vw, 1600px\" \/><figcaption>Projev Roberta Habecka<\/figcaption><\/figure>\n\n\n\n<figure class=\"wp-block-image size-large\"><img loading=\"lazy\" decoding=\"async\" width=\"2016\" height=\"1512\" data-id=\"1392\" src=\"https:\/\/www.gruene-mkk.de\/wp-content\/uploads\/2022\/10\/ac16d12e-9bc5-49bc-bd01-9184d5effdff.jpg\" alt=\"\" class=\"wp-image-1392\" srcset=\"https:\/\/www.gruene-mkk.de\/wp-content\/uploads\/2022\/10\/ac16d12e-9bc5-49bc-bd01-9184d5effdff.jpg 2016w, https:\/\/www.gruene-mkk.de\/wp-content\/uploads\/2022\/10\/ac16d12e-9bc5-49bc-bd01-9184d5effdff-400x300.jpg 400w, https:\/\/www.gruene-mkk.de\/wp-content\/uploads\/2022\/10\/ac16d12e-9bc5-49bc-bd01-9184d5effdff-800x600.jpg 800w, https:\/\/www.gruene-mkk.de\/wp-content\/uploads\/2022\/10\/ac16d12e-9bc5-49bc-bd01-9184d5effdff-768x576.jpg 768w, https:\/\/www.gruene-mkk.de\/wp-content\/uploads\/2022\/10\/ac16d12e-9bc5-49bc-bd01-9184d5effdff-1536x1152.jpg 1536w\" sizes=\"auto, (max-width: 2016px) 100vw, 2016px\" \/><figcaption>Delegace MKK s Melani\u00ed Bacherovou (zem\u011b KV Offenbach)<\/figcaption><\/figure>\n<\/figure>","protected":false},"excerpt":{"rendered":"<p>Minul\u00fd v\u00edkend se na\u0161i deleg\u00e1ti Barbara Sch\u00e4fer a Matthias Dorka z\u00fa\u010dastnili historick\u00e9 konference feder\u00e1ln\u00edch deleg\u00e1t\u016f. Musela b\u00fdt p\u0159ijata obt\u00ed\u017en\u00e1 rozhodnut\u00ed o atmosf\u00e9rick\u00fdch elektr\u00e1rn\u00e1ch, t\u011b\u017eb\u011b uhl\u00ed a dod\u00e1vk\u00e1ch zbran\u00ed. Pot\u00e9 n\u00e1sledovalo [...]<\/p>","protected":false},"author":-1,"featured_media":1394,"comment_status":"closed","ping_status":"open","sticky":false,"template":"","format":"standard","meta":{"footnotes":""},"categories":[1],"tags":[22,18],"class_list":["post-1390","post","type-post","status-publish","format-standard","has-post-thumbnail","hentry","category-allgemein","tag-bdk","tag-unterwegs"],"_links":{"self":[{"href":"https:\/\/www.gruene-mkk.de\/cs\/wp-json\/wp\/v2\/posts\/1390","targetHints":{"allow":["GET"]}}],"collection":[{"href":"https:\/\/www.gruene-mkk.de\/cs\/wp-json\/wp\/v2\/posts"}],"about":[{"href":"https:\/\/www.gruene-mkk.de\/cs\/wp-json\/wp\/v2\/types\/post"}],"author":[{"embeddable":true,"href":"https:\/\/www.gruene-mkk.de\/cs\/wp-json\/wp\/v2\/users\/2"}],"replies":[{"embeddable":true,"href":"https:\/\/www.gruene-mkk.de\/cs\/wp-json\/wp\/v2\/comments?post=1390"}],"version-history":[{"count":2,"href":"https:\/\/www.gruene-mkk.de\/cs\/wp-json\/wp\/v2\/posts\/1390\/revisions"}],"predecessor-version":[{"id":1399,"href":"https:\/\/www.gruene-mkk.de\/cs\/wp-json\/wp\/v2\/posts\/1390\/revisions\/1399"}],"wp:featuredmedia":[{"embeddable":true,"href":"https:\/\/www.gruene-mkk.de\/cs\/wp-json\/wp\/v2\/media\/1394"}],"wp:attachment":[{"href":"https:\/\/www.gruene-mkk.de\/cs\/wp-json\/wp\/v2\/media?parent=1390"}],"wp:term":[{"taxonomy":"category","embeddable":true,"href":"https:\/\/www.gruene-mkk.de\/cs\/wp-json\/wp\/v2\/categories?post=1390"},{"taxonomy":"post_tag","embeddable":true,"href":"https:\/\/www.gruene-mkk.de\/cs\/wp-json\/wp\/v2\/tags?post=1390"}],"curies":[{"name":"wp","href":"https:\/\/api.w.org\/{rel}","templated":true}]}}