{"id":1387,"date":"2022-10-17T10:14:48","date_gmt":"2022-10-17T08:14:48","guid":{"rendered":"https:\/\/www.gruene-mkk.de\/?p=1387"},"modified":"2022-10-17T10:14:49","modified_gmt":"2022-10-17T08:14:49","slug":"zu-besuch-bei-omid-nouripour","status":"publish","type":"post","link":"https:\/\/www.gruene-mkk.de\/cs\/zu-besuch-bei-omid-nouripour\/","title":{"rendered":"N\u00e1v\u0161t\u011bva Omida Nouripoura"},"content":{"rendered":"<p>Gr\u00fcne Main-Kinzig se informuj\u00ed v berl\u00ednsk\u00e9 vl\u00e1dn\u00ed \u010dtvrti na pozv\u00e1n\u00ed Omida Nouripoura, \u010dlena Spolkov\u00e9ho sn\u011bmu, spolkov\u00e9 v\u00fdkonn\u00e9 rady B\u00fcndnis 90\/Die Gr\u00fcnen. Setk\u00e1n\u00ed s Nouripourem se zam\u011b\u0159ilo na postoj Zelen\u00fdch k mezin\u00e1rodn\u00edm konflikt\u016fm. Hovo\u0159ilo se o dal\u0161\u00edch opat\u0159en\u00edch na podporu ukrajinsk\u00e9ho lidu proti rusk\u00e9 \u00fato\u010dn\u00e9 v\u00e1lce v rozporu s mezin\u00e1rodn\u00edm pr\u00e1vem. Aby bylo mo\u017en\u00e9 ubytovat m\u00edstn\u00ed s\u00edly a dal\u0161\u00ed uprchl\u00edky z Afgh\u00e1nist\u00e1nu, sl\u00edbil Nouripour brzk\u00fd bal\u00ed\u010dek opat\u0159en\u00ed. Na podporu \u017een v \u00cdr\u00e1nu, kde jsou lidsk\u00e1 pr\u00e1va a pr\u00e1va \u017een ignorov\u00e1na teroristick\u00fdm re\u017eimem a protesty jsou brut\u00e1ln\u011b rozdrceny, Zelen\u00ed ozn\u00e1mili rezoluci o v\u011bt\u0161\u00ed a hmatateln\u00e9 pomoci Kongresu feder\u00e1ln\u00ed strany.<\/p>\n\n\n\n<p>Krom\u011b budovy \u0158\u00ed\u0161sk\u00e9ho sn\u011bmu skupina Zelen\u00fdch z okresu Main-Kinzig nav\u0161t\u00edvila \u0159adu pam\u00e1tn\u00edk\u016f, kter\u00e9 p\u0159ipom\u00ednaj\u00ed hr\u016fzy nacistick\u00e9ho re\u017eimu a nez\u00e1konn\u00e9ho st\u00e1tu NDR. V Pam\u00e1tn\u00edku n\u011bmeck\u00e9ho odporu upozor\u0148uje zvl\u00e1\u0161tn\u00ed v\u00fdstava \u201eTich\u00ed hrdinov\u00e9\u201c dojemn\u00fdm zp\u016fsobem na osudy pron\u00e1sledovan\u00fdch \u017did\u016f a jejich \u00fanikov\u00fdch pracovn\u00edk\u016f a v pam\u00e1tn\u00edku zavra\u017ed\u011bn\u00fdch \u017did\u016f v Evrop\u011b na v\u0161echny ty, kte\u0159\u00ed nemohli uniknout hr\u016fz\u00e1m nacist\u016f. \u201eTato m\u00edsta n\u00e1m v\u0161em ukazuj\u00ed, jak d\u016fle\u017eit\u00e9 je i dnes se pevn\u011b postavit proti protidemokratick\u00fdm a protilidsk\u00fdm proud\u016fm,\u201c \u0159\u00edk\u00e1 Anja Zellerov\u00e1.<\/p>","protected":false},"excerpt":{"rendered":"<p>Gr\u00fcne Main-Kinzig se informuj\u00ed v berl\u00ednsk\u00e9 vl\u00e1dn\u00ed \u010dtvrti na pozv\u00e1n\u00ed Omida Nouripoura, \u010dlena Spolkov\u00e9ho sn\u011bmu, spolkov\u00e9 v\u00fdkonn\u00e9 rady B\u00fcndnis 90\/Die Gr\u00fcnen. V pop\u0159ed\u00ed setk\u00e1n\u00ed s Nouripourem byl postoj Zelen\u00fdch [...]<\/p>","protected":false},"author":-1,"featured_media":1388,"comment_status":"closed","ping_status":"open","sticky":false,"template":"","format":"standard","meta":{"footnotes":""},"categories":[1,4],"tags":[21,17,19,20,18],"class_list":["post-1387","post","type-post","status-publish","format-standard","has-post-thumbnail","hentry","category-allgemein","category-newsortsverbaende","tag-berlin","tag-biebergemuend","tag-hanau","tag-maintal","tag-unterwegs"],"_links":{"self":[{"href":"https:\/\/www.gruene-mkk.de\/cs\/wp-json\/wp\/v2\/posts\/1387","targetHints":{"allow":["GET"]}}],"collection":[{"href":"https:\/\/www.gruene-mkk.de\/cs\/wp-json\/wp\/v2\/posts"}],"about":[{"href":"https:\/\/www.gruene-mkk.de\/cs\/wp-json\/wp\/v2\/types\/post"}],"author":[{"embeddable":true,"href":"https:\/\/www.gruene-mkk.de\/cs\/wp-json\/wp\/v2\/users\/2"}],"replies":[{"embeddable":true,"href":"https:\/\/www.gruene-mkk.de\/cs\/wp-json\/wp\/v2\/comments?post=1387"}],"version-history":[{"count":1,"href":"https:\/\/www.gruene-mkk.de\/cs\/wp-json\/wp\/v2\/posts\/1387\/revisions"}],"predecessor-version":[{"id":1389,"href":"https:\/\/www.gruene-mkk.de\/cs\/wp-json\/wp\/v2\/posts\/1387\/revisions\/1389"}],"wp:featuredmedia":[{"embeddable":true,"href":"https:\/\/www.gruene-mkk.de\/cs\/wp-json\/wp\/v2\/media\/1388"}],"wp:attachment":[{"href":"https:\/\/www.gruene-mkk.de\/cs\/wp-json\/wp\/v2\/media?parent=1387"}],"wp:term":[{"taxonomy":"category","embeddable":true,"href":"https:\/\/www.gruene-mkk.de\/cs\/wp-json\/wp\/v2\/categories?post=1387"},{"taxonomy":"post_tag","embeddable":true,"href":"https:\/\/www.gruene-mkk.de\/cs\/wp-json\/wp\/v2\/tags?post=1387"}],"curies":[{"name":"wp","href":"https:\/\/api.w.org\/{rel}","templated":true}]}}