{"id":1383,"date":"2022-10-12T12:01:14","date_gmt":"2022-10-12T10:01:14","guid":{"rendered":"https:\/\/www.gruene-mkk.de\/?p=1383"},"modified":"2024-09-05T14:29:59","modified_gmt":"2024-09-05T12:29:59","slug":"gruene-bruchkoebel-begruessen-gutachten-zur-bahnverbindung","status":"publish","type":"post","link":"https:\/\/www.gruene-mkk.de\/cs\/gruene-bruchkoebel-begruessen-gutachten-zur-bahnverbindung\/","title":{"rendered":"<strong>Gr\u00fcne Bruchk\u00f6bel v\u00edt\u00e1 znaleck\u00fd posudek k \u017eelezni\u010dn\u00edmu spojen\u00ed<\/strong>"},"content":{"rendered":"<p><strong>\u2013 Nepochopen\u00ed \u00fadajn\u011b \u201enerealistick\u00e9\u201c souvislosti s Frankfurtem<\/strong><\/p>\n\n\n\n<p>Zelen\u00ed v Bruchk\u00f6belu v\u00edtaj\u00ed zpr\u00e1vu o potenci\u00e1lu pro zlep\u0161en\u00ed m\u00edstn\u00ed dopravy na \u017eeleznici Hanau-Friedberg. \"To kone\u010dn\u011b vrac\u00ed na\u0161e \u017eeleznice zp\u011bt do centra pozornosti,\" \u0159ekl Uwe Ringel, p\u0159edseda skupiny B\u00fcndnis 90\/Die Gr\u00fcnen. Podle Ringela zpr\u00e1va vrh\u00e1 sv\u011btlo na nejd\u016fle\u017eit\u011bj\u0161\u00ed body, kter\u00e9 by mohly zv\u00fd\u0161it atraktivitu m\u00edstn\u00edho dopravn\u00edho spojen\u00ed do a z Bruchk\u00f6belu: Hust\u0161\u00ed hodiny, p\u0159\u00eddavn\u00e9 zast\u00e1vky a zahrnut\u00ed dosud nevyu\u017eit\u00e9ho spojen\u00ed Hanau Nord do pr\u016fmyslov\u00e9 oblasti Fliegerhorst.<\/p>\n\n\n\n<p>Zelen\u00ed nech\u00e1pou, pro\u010d zpr\u00e1va popisuje p\u0159\u00edm\u00e9 spojen\u00ed z Bruchk\u00f6belu do Frankfurtu jako \u201enerealistick\u00e9 kv\u016fli ji\u017e tak frekventovan\u00fdm tras\u00e1m\u201c. Od t\u00e9 doby, jak Ringel podez\u0159\u00edv\u00e1, znaleck\u00e9 posudky pravd\u011bpodobn\u011b zpochybnily prohl\u00e1\u0161en\u00ed RMV a DB p\u0159\u00edli\u0161 m\u00e1lo.<\/p>\n\n\n\n<ul class=\"wp-block-list\"><li>Zejm\u00e9na v l\u00e9t\u011b byly kv\u016fli stavebn\u00edm prac\u00edm mezi Frankfurtem a Bad Vilbelem mezi Frankfurtem a Hanau op\u011bt pravideln\u011b provozov\u00e1ny \u010detn\u00e9 vlaky do centra Hesenska. Na to byly cesty.<\/li><li>V dne\u0161n\u00edm j\u00edzdn\u00edm \u0159\u00e1du jezd\u00ed n\u011bkter\u00e9 vlaky ka\u017edou p\u016flhodinu do Frankfurtu a zp\u011bt, kter\u00e9 kon\u010d\u00ed a za\u010d\u00ednaj\u00ed v Hanau \u2013 existuj\u00ed tak\u00e9 pou\u017eiteln\u00e9 trasy. Provozovatelem je Hessische Landesbahn, kter\u00e1 bude od prosince obsluhovat tak\u00e9 linku Bruchk\u00f6beler. Pro\u010d, ptaj\u00ed se Zelen\u00ed sami sebe, RMV neprovozuje tyto vlaky do a z Friedbergu?<\/li><li>Zpr\u00e1va se tak\u00e9 zmi\u0148uje o v\u00fdstavb\u011b severo-pevninsk\u00e9 S-Bahn. V d\u016fsledku toho bude tra\u0165 z Hanau do Frankfurtu nad Mohanem roz\u0161\u00ed\u0159ena o \u010dty\u0159i trat\u011b, region\u00e1ln\u00ed vlaky budou nahrazeny vlaky S-Bahn, a tak budou uvoln\u011bny trasy.<\/li><\/ul>\n\n\n\n<p>Zelen\u00ed pova\u017euj\u00ed n\u00e1vrh odborn\u00edk\u016f na pokra\u010dov\u00e1n\u00ed budouc\u00ed severo-pevninsk\u00e9 S-Bahn z Hanau p\u0159es Bruchk\u00f6bel do Nidderau za okouzluj\u00edc\u00ed. \u201eExistuje v\u00edce ne\u017e jedno realistick\u00e9 \u0159e\u0161en\u00ed\u201c, uv\u00e1d\u00ed Uwe Ringel. \u201eMus\u00edte prost\u011b cht\u00edt!\u201c.<\/p>\n\n\n\n<p>Pro zelen\u00e9 je d\u016fle\u017eit\u00e9, aby tato zpr\u00e1va nezmizela v z\u00e1suvce, ale aby byla aktivn\u011b \u0159e\u0161ena. \u201eBez trval\u00e9ho tlaku ni\u010deho nedos\u00e1hneme.\u201c<\/p>\n\n\n\n<p>M\u011bsta Hanau, Bruchk\u00f6bel, Erlensee a Nidderau spole\u010dn\u011b s kruhov\u00fdm objezdem Main-Kinzig (KVG) a pod z\u00e1\u0161titou obchodn\u00ed a pr\u016fmyslov\u00e9 komory Hanau-Gelnhausen-Schl\u00fcchtern (IHK) pov\u011b\u0159ila spole\u010dnost Koblenzer BPV Consult GmbH znaleck\u00fdm posudkem, aby posoudila, zda by bylo mo\u017en\u00e9 zlep\u0161it m\u00edstn\u00ed dopravu na \u017eeleznici Hanau-Friedberg.<\/p>\n\n\n\n<p>Kontaktn\u00ed osoba pro tisk:<\/p>\n\n\n\n<p>Klaus Linek<\/p>\n\n\n\n<p>Telefonn\u00ed \u010d\u00edslo: 06181 57 82 006<\/p>\n\n\n\n<p>Mobiln\u00ed telefon: 0151 2077 0075<\/p>","protected":false},"excerpt":{"rendered":"<p>\u2013 Nepochopen\u00ed \u00fadajn\u011b \u201enerealistick\u00e9ho\u201c spojen\u00ed s Frankfurtem Zelen\u00ed v Bruchk\u00f6belu v\u00edtaj\u00ed stanovisko k mo\u017enosti zlep\u0161en\u00ed m\u00edstn\u00ed dopravy na \u017eeleznici Hanau-Friedberg. \u201eD\u00edky tomu se na\u0161e \u017eeleznice kone\u010dn\u011b st\u011bhuje [...]<\/p>","protected":false},"author":-1,"featured_media":0,"comment_status":"closed","ping_status":"open","sticky":false,"template":"","format":"standard","meta":{"footnotes":""},"categories":[4],"tags":[14,16,15],"class_list":["post-1383","post","type-post","status-publish","format-standard","hentry","category-newsortsverbaende","tag-bahn","tag-laendlicher-raum","tag-oepnv"],"_links":{"self":[{"href":"https:\/\/www.gruene-mkk.de\/cs\/wp-json\/wp\/v2\/posts\/1383","targetHints":{"allow":["GET"]}}],"collection":[{"href":"https:\/\/www.gruene-mkk.de\/cs\/wp-json\/wp\/v2\/posts"}],"about":[{"href":"https:\/\/www.gruene-mkk.de\/cs\/wp-json\/wp\/v2\/types\/post"}],"author":[{"embeddable":true,"href":"https:\/\/www.gruene-mkk.de\/cs\/wp-json\/wp\/v2\/users\/2"}],"replies":[{"embeddable":true,"href":"https:\/\/www.gruene-mkk.de\/cs\/wp-json\/wp\/v2\/comments?post=1383"}],"version-history":[{"count":1,"href":"https:\/\/www.gruene-mkk.de\/cs\/wp-json\/wp\/v2\/posts\/1383\/revisions"}],"predecessor-version":[{"id":1385,"href":"https:\/\/www.gruene-mkk.de\/cs\/wp-json\/wp\/v2\/posts\/1383\/revisions\/1385"}],"wp:attachment":[{"href":"https:\/\/www.gruene-mkk.de\/cs\/wp-json\/wp\/v2\/media?parent=1383"}],"wp:term":[{"taxonomy":"category","embeddable":true,"href":"https:\/\/www.gruene-mkk.de\/cs\/wp-json\/wp\/v2\/categories?post=1383"},{"taxonomy":"post_tag","embeddable":true,"href":"https:\/\/www.gruene-mkk.de\/cs\/wp-json\/wp\/v2\/tags?post=1383"}],"curies":[{"name":"wp","href":"https:\/\/api.w.org\/{rel}","templated":true}]}}