{"id":127,"date":"2021-08-10T13:31:00","date_gmt":"2021-08-10T11:31:00","guid":{"rendered":"https:\/\/www.alles-bleibt-anders.org\/?p=127"},"modified":"2021-11-10T13:39:01","modified_gmt":"2021-11-10T12:39:01","slug":"hessisches-umweltministerium-unterstuetzt-feldhamsterschutz-im-main-kinzig-kreis","status":"publish","type":"post","link":"https:\/\/www.gruene-mkk.de\/cs\/hessisches-umweltministerium-unterstuetzt-feldhamsterschutz-im-main-kinzig-kreis\/","title":{"rendered":"Hesensk\u00e9 ministerstvo \u017eivotn\u00edho prost\u0159ed\u00ed podporuje ochranu poln\u00edch k\u0159e\u010dk\u016f v Main-Kinzig-Kreis"},"content":{"rendered":"<p>Hinz: \u201eChceme poln\u00edm k\u0159e\u010dk\u016fm dlouhodob\u011b nab\u00eddnout domov v Hesensku.\u201c<\/p>\n\n\n\n<!--more-->\n\n\n\n<p>\u201eOblasti a pole jsou d\u016fle\u017eit\u00fdmi stanovi\u0161ti pro zv\u00ed\u0159ata a rostliny. \u017divotn\u00ed podm\u00ednky p\u016fvodn\u00edch druh\u016f se v\u0161ak v posledn\u00edch desetilet\u00edch v\u00fdrazn\u011b zhor\u0161ily. Kdysi roz\u0161\u00ed\u0159en\u00e9 druhy, jako je poln\u00ed k\u0159e\u010dek, se staly extr\u00e9mn\u011b vz\u00e1cn\u00fdmi a hrozilo jim vyhynut\u00ed. Na\u0161\u00edm \u00fakolem a odpov\u011bdnost\u00ed je tento trend zvr\u00e1tit a chr\u00e1nit biologickou rozmanitost v ter\u00e9nu,\u201c vysv\u011btlila ministryn\u011b \u017eivotn\u00edho prost\u0159ed\u00ed Priska Hinzov\u00e1 b\u011bhem sv\u00e9ho letn\u00edho turn\u00e9, kter\u00e9 se letos zam\u011b\u0159uje na \u201eZem\u011bd\u011blstv\u00ed a ochranu p\u0159\u00edrody\u201c.<\/p>\n\n\n\n<p><strong>Nov\u00e1 kombinace kvetouc\u00edch ploch, p\u016fdy le\u017e\u00edc\u00ed ladem a testovan\u00fdch obilovin<\/strong><\/p>\n\n\n\n<p>B\u011bhem sv\u00e9 n\u00e1v\u0161t\u011bvy se ministryn\u011b zab\u00fdvala novou kombinac\u00ed opat\u0159en\u00ed, kter\u00e1 m\u00edstn\u00ed zem\u011bd\u011blci \u00fasp\u011b\u0161n\u011b otestovali: Kvetouc\u00ed plochy, p\u016fda le\u017e\u00edc\u00ed ladem, stejn\u011b jako p\u011bstov\u00e1n\u00ed obilovin a vojt\u011b\u0161ky (tak\u00e9 naz\u00fdvan\u00e9 v\u011b\u010dn\u00fd jetel) byly koordinov\u00e1ny a slou\u010deny tak, aby poln\u00ed k\u0159e\u010dek na\u0161el v\u0161e v potravin\u00e1ch a ukryl se v nejmen\u0161\u00edm prostoru. To znamen\u00e1, \u017ee ji\u017e nemus\u00ed pokr\u00fdvat dlouh\u00e9 vzd\u00e1lenosti na \u010d\u00e1ste\u010dn\u011b sklizen\u00fdch pol\u00edch bez ochrany, co\u017e v\u00fdrazn\u011b zvy\u0161uje jeho \u0161ance na p\u0159e\u017eit\u00ed. Zku\u0161enosti z\u00edskan\u00e9 \u00fa\u010dastn\u00edky t\u00e9to ter\u00e9nn\u00ed zkou\u0161ky jsou u\u017eite\u010dn\u00e9 pro v\u0161echny dal\u0161\u00ed projekty poln\u00edch koridor\u016f v Hesensku.<\/p>\n\n\n\n<p><strong>Projekt poln\u00edho koridoru v okrese Mainz-Kinzig<\/strong><\/p>\n\n\n\n<p>\u00da\u010dastn\u00edci projektu v Main-Kinzig-Kreis se zam\u011b\u0159uj\u00ed na poln\u00edho k\u0159e\u010dka. Zejm\u00e9na zem\u011bd\u011blci stoj\u00ed u k\u0159e\u010dka v okrese Main-Kinzig. Projekt\u016f se \u00fa\u010dastn\u00ed mnoho a hovo\u0159\u00ed se o nich, tak\u017ee iniciativa \u201eFeldhamsterfreunde Bruchk\u00f6bel Ro\u00dfdorf\u201c spojila sv\u00e9 s\u00edly v regionu a propaguje mezi obyvatelstvem ochranu ohro\u017een\u00fdch poln\u00edch k\u0159e\u010dk\u016f.<\/p>\n\n\n\n<p>\u201eProjekt ukazuje, \u017ee zem\u011bd\u011blstv\u00ed a ochrana p\u0159\u00edrody mohou spole\u010dn\u011b dos\u00e1hnout mnoha v\u00fdsledk\u016f. Chceme pokro\u010dit v \u00fasp\u011b\u0161n\u00fdch \u0159e\u0161en\u00edch a zah\u00e1jit informa\u010dn\u00ed kampa\u0148 \u201eFeldliebe\u201c. \u010c\u00edm v\u00edce se lid\u00e9 dozv\u00ed o ohro\u017een\u00fdch druz\u00edch v ter\u00e9nu, t\u00edm v\u011bt\u0161\u00ed podporu m\u016f\u017eeme z\u00edskat. Jedin\u011b spole\u010dn\u011b m\u016f\u017eeme zajistit zachov\u00e1n\u00ed biodiverzity,\" \u0159ekl ministr na konci jedn\u00e1n\u00ed.<\/p>\n\n\n\n<p><strong>Souvislosti Projekty a financov\u00e1n\u00ed v ter\u00e9nu:<\/strong><\/p>\n\n\n\n<p>Od roku 2018 podporuje hesensk\u00e9 ministerstvo \u017eivotn\u00edho prost\u0159ed\u00ed ochranu druh\u016f na poli a orn\u00e9 p\u016fd\u011b tzv. ter\u00e9nn\u00edmi projekty. 500 000 EUR ro\u010dn\u011b je vynalo\u017eeno na lidsk\u00e9 zdroje, organizaci projekt\u016f a ak\u010dn\u00ed pl\u00e1nov\u00e1n\u00ed. Prvn\u00edch p\u011bt ter\u00e9nn\u00edch projekt\u016f v regionech Wiesbaden, Main-Kinzig, Wetterau, Limburg a Bad Zwesten bylo zah\u00e1jeno v roce 2018. V roce 2019 n\u00e1sledovaly dal\u0161\u00ed projekty v Gie\u00dfenu, Gro\u00df-Gerau a v Hochtaunuskreis. Fulda p\u0159edstavuje za\u010d\u00e1tek dal\u0161\u00edho projektu poln\u00edho koridoru, kter\u00fd bude ofici\u00e1ln\u011b otev\u0159en dnes v r\u00e1mci letn\u00ed cesty hesensk\u00e9ho ministra \u017eivotn\u00edho prost\u0159ed\u00ed.<\/p>\n\n\n\n<p>Krom\u011b podpory projekt\u016f v ter\u00e9nu poskytuje hesensk\u00e9 ministerstvo \u017eivotn\u00edho prost\u0159ed\u00ed ka\u017edoro\u010dn\u011b 30 milion\u016f EUR na opat\u0159en\u00ed na ochranu \u017eivotn\u00edho prost\u0159ed\u00ed a klimatu v r\u00e1mci hesensk\u00e9ho agroenvironment\u00e1ln\u00edho programu HALM. T\u00edmto zp\u016fsobem jsou podporov\u00e1na r\u016fzn\u00e1 opat\u0159en\u00ed, jako je v\u00fdsadba kvetouc\u00edch p\u00e1s\u016f, p\u00e1s\u016f okraj\u016f orn\u00e9 p\u016fdy nebo ploch plan\u011b rostouc\u00edch plan\u011b rostouc\u00edch rostlin. Dal\u0161\u00edch 30 milion\u016f eur ro\u010dn\u011b je k dispozici pro ekologick\u00e9 zem\u011bd\u011blstv\u00ed, co\u017e rovn\u011b\u017e v\u00fdznamn\u011b p\u0159isp\u00edv\u00e1 k zachov\u00e1n\u00ed biologick\u00e9 rozmanitosti d\u00edky udr\u017eiteln\u00e9mu zem\u011bd\u011blstv\u00ed.<\/p>\n\n\n\n<p>Prost\u0159ednictv\u00edm informa\u010dn\u00ed kampan\u011b \u201eFeldliebe\u201c hesensk\u00e9 ministerstvo rovn\u011b\u017e objas\u0148uje ochranu druh\u016f v poln\u00edch koridorech, podporuje \u00fa\u010dast a informuje o rozmanit\u00e9 fl\u00f3\u0159e a faun\u011b, kter\u00e9 jsou sou\u010d\u00e1st\u00ed na\u0161\u00ed kulturn\u00ed krajiny. Ob\u010dan\u00e9 se mohou zapojit do sponzorstv\u00ed nebo se \u00fa\u010dastnit mapov\u00e1n\u00ed poln\u00edch k\u0159e\u010dk\u016f nab\u00edzen\u00fdch prost\u0159ednictv\u00edm HGON.<\/p>\n\n\n\n<p><strong>Dal\u0161\u00ed informace o ter\u00e9nn\u00edch projektech a informa\u010dn\u00ed kampani Feldliebe: www.feldliebe.hessen.de<\/strong><\/p>","protected":false},"excerpt":{"rendered":"<p>Hinz: \u201eChceme poln\u00edm k\u0159e\u010dk\u016fm dlouhodob\u011b nab\u00eddnout domov v Hesensku.\u201c<\/p>","protected":false},"author":-1,"featured_media":129,"comment_status":"open","ping_status":"open","sticky":false,"template":"","format":"standard","meta":{"footnotes":""},"categories":[1],"tags":[],"class_list":["post-127","post","type-post","status-publish","format-standard","has-post-thumbnail","hentry","category-allgemein"],"_links":{"self":[{"href":"https:\/\/www.gruene-mkk.de\/cs\/wp-json\/wp\/v2\/posts\/127","targetHints":{"allow":["GET"]}}],"collection":[{"href":"https:\/\/www.gruene-mkk.de\/cs\/wp-json\/wp\/v2\/posts"}],"about":[{"href":"https:\/\/www.gruene-mkk.de\/cs\/wp-json\/wp\/v2\/types\/post"}],"author":[{"embeddable":true,"href":"https:\/\/www.gruene-mkk.de\/cs\/wp-json\/wp\/v2\/users\/2"}],"replies":[{"embeddable":true,"href":"https:\/\/www.gruene-mkk.de\/cs\/wp-json\/wp\/v2\/comments?post=127"}],"version-history":[{"count":1,"href":"https:\/\/www.gruene-mkk.de\/cs\/wp-json\/wp\/v2\/posts\/127\/revisions"}],"predecessor-version":[{"id":128,"href":"https:\/\/www.gruene-mkk.de\/cs\/wp-json\/wp\/v2\/posts\/127\/revisions\/128"}],"wp:featuredmedia":[{"embeddable":true,"href":"https:\/\/www.gruene-mkk.de\/cs\/wp-json\/wp\/v2\/media\/129"}],"wp:attachment":[{"href":"https:\/\/www.gruene-mkk.de\/cs\/wp-json\/wp\/v2\/media?parent=127"}],"wp:term":[{"taxonomy":"category","embeddable":true,"href":"https:\/\/www.gruene-mkk.de\/cs\/wp-json\/wp\/v2\/categories?post=127"},{"taxonomy":"post_tag","embeddable":true,"href":"https:\/\/www.gruene-mkk.de\/cs\/wp-json\/wp\/v2\/tags?post=127"}],"curies":[{"name":"wp","href":"https:\/\/api.w.org\/{rel}","templated":true}]}}