{"id":1266,"date":"2022-06-17T13:02:00","date_gmt":"2022-06-17T11:02:00","guid":{"rendered":"https:\/\/www.gruene-mkk.de\/?p=1266"},"modified":"2022-07-25T13:07:13","modified_gmt":"2022-07-25T11:07:13","slug":"besuch-beim-neuen-ihk-praesidenten","status":"publish","type":"post","link":"https:\/\/www.gruene-mkk.de\/cs\/besuch-beim-neuen-ihk-praesidenten\/","title":{"rendered":"N\u00e1v\u0161t\u011bva nov\u00e9ho p\u0159edsedy obchodn\u00ed komory"},"content":{"rendered":"<p>Okresn\u00ed rada a parlamentn\u00ed skupina poblahop\u0159\u00e1ly nov\u00e9mu p\u0159edsedovi Hospod\u00e1\u0159sk\u00e9 a pr\u016fmyslov\u00e9 komory Hanau-Gelnhausen-Schl\u00fcchternovi, panu Oliveru Naumannovi, k n\u00e1stupu do funkce. Setk\u00e1n\u00ed se rovn\u011b\u017e z\u00fa\u010dastnili Dr. Quidde, gener\u00e1ln\u00ed \u0159editel pr\u016fmyslov\u00e9 a obchodn\u00ed komory, Maria Heider, mluv\u010d\u00ed okresn\u00edho sdru\u017een\u00ed B\u00fcndnis 90\/Die Gr\u00fcnen, a jej\u00ed spolumluv\u010d\u00ed Ahmet Cetiner, okresn\u00ed v\u00fdkonn\u00fd \u0159editel Gr\u00fcnen MKK, Mareike Forchheim a Monika Nickel, \u010dlenka Zelen\u00fdch v Kreistagu a m\u011bstsk\u00e9 rad\u011b Hanau.<br>Kytice t\u00e9mat byla r\u016fznorod\u00e1 a v\u00fdm\u011bna inspirativn\u00ed. Spole\u010dn\u011b jsme si pov\u00eddali o<br>\u2013 Spolupr\u00e1ce v nal\u00e9hav\u00e9 ot\u00e1zce energetick\u00e9 bezpe\u010dnosti v okrese Main-Kinzig<br>\u2013 Mo\u017enost zaveden\u00ed GreenBusiness Coach v CCI<br>\u2013 Rovnost \u017een a mu\u017e\u016f v podnic\u00edch<br>\u2013 Pos\u00edlit spolupr\u00e1ci mezi \u0161kolami a podniky s c\u00edlem znovu zapojit mlad\u00e9 lidi do u\u010d\u0148ovsk\u00e9 p\u0159\u00edpravy a p\u0159ibl\u00ed\u017eit je udr\u017eitelnosti v podnik\u00e1n\u00ed<\/p>\n\n\n\n<p>P\u0159edseda Naumann byl na\u0161\u00ed n\u00e1v\u0161t\u011bvou pot\u011b\u0161en a m\u011bl pro n\u00e1s tak\u00e9 doporu\u010den\u00ed: \u201eZeptejte se sv\u00fdch \u201ez\u00e1kazn\u00edk\u016f\u201c, tj. voli\u010d\u016f, co pot\u0159ebuj\u00ed a jak m\u016f\u017eete pomoci. P\u0159\u00edv\u011btivost v\u016f\u010di z\u00e1kazn\u00edk\u016fm se v\u017edy vyplat\u00ed!\u201c<\/p>\n\n\n\n<p>Dobr\u00fd tip, kter\u00fd bychom r\u00e1di dodr\u017eeli!<\/p>","protected":false},"excerpt":{"rendered":"<p>Okresn\u00ed rada a parlamentn\u00ed skupina poblahop\u0159\u00e1ly nov\u00e9mu p\u0159edsedovi Hospod\u00e1\u0159sk\u00e9 a pr\u016fmyslov\u00e9 komory Hanau-Gelnhausen-Schl\u00fcchternovi, panu Oliveru Naumannovi, k n\u00e1stupu do funkce. Na setk\u00e1n\u00ed Dr. Quidde, gener\u00e1ln\u00ed \u0159editel pr\u016fmyslov\u00e9 a obchodn\u00ed komory, Maria Heider, mluv\u010d\u00ed Kreisverband B\u00fcndnis 90\/Die Gr\u00fcnen (Aliance 90\/Zelen\u00ed) [...]<\/p>","protected":false},"author":-1,"featured_media":1267,"comment_status":"open","ping_status":"open","sticky":false,"template":"","format":"standard","meta":{"footnotes":""},"categories":[1],"tags":[],"class_list":["post-1266","post","type-post","status-publish","format-standard","has-post-thumbnail","hentry","category-allgemein"],"_links":{"self":[{"href":"https:\/\/www.gruene-mkk.de\/cs\/wp-json\/wp\/v2\/posts\/1266","targetHints":{"allow":["GET"]}}],"collection":[{"href":"https:\/\/www.gruene-mkk.de\/cs\/wp-json\/wp\/v2\/posts"}],"about":[{"href":"https:\/\/www.gruene-mkk.de\/cs\/wp-json\/wp\/v2\/types\/post"}],"author":[{"embeddable":true,"href":"https:\/\/www.gruene-mkk.de\/cs\/wp-json\/wp\/v2\/users\/2"}],"replies":[{"embeddable":true,"href":"https:\/\/www.gruene-mkk.de\/cs\/wp-json\/wp\/v2\/comments?post=1266"}],"version-history":[{"count":1,"href":"https:\/\/www.gruene-mkk.de\/cs\/wp-json\/wp\/v2\/posts\/1266\/revisions"}],"predecessor-version":[{"id":1268,"href":"https:\/\/www.gruene-mkk.de\/cs\/wp-json\/wp\/v2\/posts\/1266\/revisions\/1268"}],"wp:featuredmedia":[{"embeddable":true,"href":"https:\/\/www.gruene-mkk.de\/cs\/wp-json\/wp\/v2\/media\/1267"}],"wp:attachment":[{"href":"https:\/\/www.gruene-mkk.de\/cs\/wp-json\/wp\/v2\/media?parent=1266"}],"wp:term":[{"taxonomy":"category","embeddable":true,"href":"https:\/\/www.gruene-mkk.de\/cs\/wp-json\/wp\/v2\/categories?post=1266"},{"taxonomy":"post_tag","embeddable":true,"href":"https:\/\/www.gruene-mkk.de\/cs\/wp-json\/wp\/v2\/tags?post=1266"}],"curies":[{"name":"wp","href":"https:\/\/api.w.org\/{rel}","templated":true}]}}