{"id":125,"date":"2021-07-21T13:30:00","date_gmt":"2021-07-21T11:30:00","guid":{"rendered":"https:\/\/www.alles-bleibt-anders.org\/?p=125"},"modified":"2021-11-10T13:31:08","modified_gmt":"2021-11-10T12:31:08","slug":"gruene-fraktion-informiert-sich-ueber-ausbau-des-schienenverkehrs","status":"publish","type":"post","link":"https:\/\/www.gruene-mkk.de\/cs\/gruene-fraktion-informiert-sich-ueber-ausbau-des-schienenverkehrs\/","title":{"rendered":"Skupina Zelen\u00fdch hodnot\u00ed rozvoj \u017eelezni\u010dn\u00ed dopravy"},"content":{"rendered":"<p><strong>Pr\u016fkopnick\u00e9 projekty v kruhu nab\u00edraj\u00ed na obr\u00e1tk\u00e1ch<\/strong><\/p>\n\n\n\n<p><em>Skupina Zelen\u00fdch hodnot\u00ed rozvoj \u017eelezni\u010dn\u00ed dopravy<\/em><\/p>\n\n\n\n<!--more-->\n\n\n\n<p>Kter\u00e9 \u017eelezni\u010dn\u00ed projekty budou v nadch\u00e1zej\u00edc\u00edch letech d\u016fle\u017eit\u00e9 a s jak\u00fdmi n\u00e1pady mohou b\u00fdt tyto projekty doprov\u00e1zeny? To bylo t\u00e9matem parlamentn\u00ed skupiny Zelen\u00fdch ve spole\u010dn\u00e9 diskusi s Dr. Guntherem Quiddem, v\u00fdkonn\u00fdm \u0159editelem pr\u016fmyslov\u00e9 a obchodn\u00ed komory (IHK) Hanau-Gelnhausen-Schl\u00fcchtern, a s R\u00fcdigerem Krenkelem, v\u00fdkonn\u00fdm \u0159editelem okresn\u00ed dopravn\u00ed spole\u010dnosti Main-Kinzig (KVG).<\/p>\n\n\n\n<p>\u201eV nadch\u00e1zej\u00edc\u00edch letech bude p\u0159\u00edle\u017eitost realizovat a rozv\u00edjet d\u016fle\u017eit\u00e9 \u017eelezni\u010dn\u00ed projekty v okrese. To je d\u016fle\u017eit\u00e1 lokaliza\u010dn\u00ed v\u00fdhoda, pokud lze pro doj\u00ed\u017ed\u011bn\u00ed do pr\u00e1ce vyu\u017e\u00edt atraktivn\u00ed nab\u00eddku ve\u0159ejn\u00e9 dopravy,\u201c uv\u00e1d\u011bj\u00ed Quidde a Krenkel ve sv\u00e9 prezentaci.<\/p>\n\n\n\n<p>V okrese je v sou\u010dasn\u00e9 dob\u011b mnoho \u017eelezni\u010dn\u00edch projekt\u016f. V sou\u010dasn\u00e9 dob\u011b se nap\u0159\u00edklad realizuje expanzn\u00ed linka Hanau-Gelnhausen a pot\u00e9 nov\u00e1 stavebn\u00ed linka Gelnhausen-Fulda. Roz\u0161\u00ed\u0159en\u00ed a \u010dty\u0159kolejn\u00e1 trasa odd\u011bl\u00ed d\u00e1lkovou a n\u00e1kladn\u00ed dopravu mezi Hanau a Gelnhausenem od region\u00e1ln\u00ed dopravy. Zcela nov\u00e1 trasa se stav\u00ed mezi Gelnhausenem a Fuldou. Nov\u00e1 trasa je tak\u00e9 pot\u0159ebn\u00e1 pro realizaci Nordmainische S-Bahn. Zde maj\u00ed b\u00fdt Hanau a Frankfurt propojeny p\u0159es Maintal p\u0159\u00edmou linkou S-Bahn.<\/p>\n\n\n\n<p>\"V nadch\u00e1zej\u00edc\u00edch letech je t\u0159eba \u0159e\u0161it \u0159adu dal\u0161\u00edch \u017eelezni\u010dn\u00edch projekt\u016f, v\u010detn\u011b modernizace a roz\u0161\u00ed\u0159en\u00ed Niddertalbahn, kter\u00e1 spojuje obce Niederdorfelden, Sch\u00f6neck a Nidderau, a Lahn-Kinzig-Bahn mezi Gie\u00dfenem a Gelnhausenem,\" uzav\u00edr\u00e1 Reiner Bousonville, p\u0159edseda skupiny Green Main-Kinzig Group. U mnoha z t\u011bchto stavebn\u00edch projekt\u016f pl\u00e1nuje Deutsche Bahn realizaci v roce 2028: \u201eTo by znamenalo, \u017ee v tomto desetilet\u00ed dojde k v\u00fdrazn\u00e9 modernizaci ve\u0159ejn\u00e9 dopravy v okrese Main-Kinzig. To je po letech ne\u010dinnosti d\u016fle\u017eit\u00fdm znamen\u00edm.\u201c<\/p>\n\n\n\n<p>D\u016fvodem je: \"Okres Main-Kinzig \u010del\u00ed pr\u016fkopnick\u00fdm \u017eelezni\u010dn\u00edm projekt\u016fm,\" \u0159ekl vedouc\u00ed skupiny. Z\u00e1sadn\u00ed v\u00fdznam m\u00e1 p\u0159echod na alternativy mobility \u0161etrn\u00e9 ke klimatu: \u201eVe\u0159ejn\u00e1 doprava je dobr\u00fdm zp\u016fsobem, jak se dostat z bodu A do bodu B zp\u016fsobem \u0161etrn\u00fdm ke klimatu,\u201c uvedl Bousonville. \u201eZp\u016fsob, jak\u00fdm se pohybujeme, bude m\u00edt z\u00e1sadn\u00ed v\u00fdznam pro dal\u0161\u00ed sm\u011b\u0159ov\u00e1n\u00ed zm\u011bny klimatu. Mus\u00edme se tak\u00e9 pod\u00edvat na v\u00fdchodn\u00ed \u010d\u00e1st Main-Kinzig-Kreis. Pro lidi tam, mobilita nen\u00ed provediteln\u00e1 bez auta. Zde jsou jak okres, tak KVG povinny vytv\u00e1\u0159et atraktivn\u00ed nab\u00eddky pro ve\u0159ejnou dopravu. My Zelen\u00ed se k tomu zav\u00e1\u017eeme.\u201c<\/p>\n\n\n\n<p>Z\u00e1va\u017en\u00e9 pov\u011btrnostn\u00ed podm\u00ednky, jako jsou ty, kter\u00e9 se ned\u00e1vno vyskytly v z\u00e1padn\u00edm N\u011bmecku, hovo\u0159\u00ed jasn\u00fdm jazykem: \"Je o to d\u016fle\u017eit\u011bj\u0161\u00ed, \u017ee Velk\u00e1 koalice v okrese nestanovuje sv\u00e9 priority pro ochranu klimatu,\" \u0159ekl Bousonville. Roz\u0161\u00ed\u0159en\u00ed a modernizace ve\u0159ejn\u00e9 dopravy s inteligentn\u00edm spojen\u00edm mezi autobusem, vlakem, ch\u016fz\u00ed a j\u00edzdou na kole je jedn\u00edm z t\u00e9mat skupiny Zelen\u00fdch v sou\u010dasn\u00e9m volebn\u00edm obdob\u00ed: \u201eZejm\u00e9na oblastn\u00ed \u010dtvr\u0165, jako je Main-Kinzig-Kreis, pot\u0159ebuje rozumnou a p\u0159izp\u016fsobenou realit\u011b \u017eivota koncepce m\u00edstn\u00ed dopravy obyvatel. V opa\u010dn\u00e9m p\u0159\u00edpad\u011b p\u0159echod z auta na autobus a vlak nem\u016f\u017ee usp\u011bt. Sou\u010dasn\u00e9 \u017eelezni\u010dn\u00ed projekty n\u00e1m nyn\u00ed d\u00e1vaj\u00ed p\u0159\u00edle\u017eitost p\u0159ipravit m\u00edstn\u00ed dopravu na budoucnost,\" uzav\u00edr\u00e1 Bousonville.<\/p>\n\n\n\n<p>Dotazy na:<\/p>\n\n\n\n<p>Jakob M\u00e4hler<br>Gener\u00e1ln\u00ed \u0159editel skupiny<br>Aliance 90 \/ Zelen\u00ed Main-Kinzig<br>06181\/61596<br>0176\/46763336<br>fraktion@gruene-mkk.de<\/p>","protected":false},"excerpt":{"rendered":"<p>Pr\u016fkopnick\u00e9 projekty v okrese se svezou na Green Group informuje o roz\u0161\u00ed\u0159en\u00ed \u017eelezni\u010dn\u00ed dopravy<\/p>","protected":false},"author":-1,"featured_media":0,"comment_status":"open","ping_status":"open","sticky":false,"template":"","format":"standard","meta":{"footnotes":""},"categories":[2],"tags":[],"class_list":["post-125","post","type-post","status-publish","format-standard","hentry","category-newskreistagsfraktion"],"_links":{"self":[{"href":"https:\/\/www.gruene-mkk.de\/cs\/wp-json\/wp\/v2\/posts\/125","targetHints":{"allow":["GET"]}}],"collection":[{"href":"https:\/\/www.gruene-mkk.de\/cs\/wp-json\/wp\/v2\/posts"}],"about":[{"href":"https:\/\/www.gruene-mkk.de\/cs\/wp-json\/wp\/v2\/types\/post"}],"author":[{"embeddable":true,"href":"https:\/\/www.gruene-mkk.de\/cs\/wp-json\/wp\/v2\/users\/2"}],"replies":[{"embeddable":true,"href":"https:\/\/www.gruene-mkk.de\/cs\/wp-json\/wp\/v2\/comments?post=125"}],"version-history":[{"count":1,"href":"https:\/\/www.gruene-mkk.de\/cs\/wp-json\/wp\/v2\/posts\/125\/revisions"}],"predecessor-version":[{"id":126,"href":"https:\/\/www.gruene-mkk.de\/cs\/wp-json\/wp\/v2\/posts\/125\/revisions\/126"}],"wp:attachment":[{"href":"https:\/\/www.gruene-mkk.de\/cs\/wp-json\/wp\/v2\/media?parent=125"}],"wp:term":[{"taxonomy":"category","embeddable":true,"href":"https:\/\/www.gruene-mkk.de\/cs\/wp-json\/wp\/v2\/categories?post=125"},{"taxonomy":"post_tag","embeddable":true,"href":"https:\/\/www.gruene-mkk.de\/cs\/wp-json\/wp\/v2\/tags?post=125"}],"curies":[{"name":"wp","href":"https:\/\/api.w.org\/{rel}","templated":true}]}}