{"id":1073,"date":"2022-05-14T14:51:47","date_gmt":"2022-05-14T12:51:47","guid":{"rendered":"https:\/\/www.gruene-mkk.de\/?p=1073"},"modified":"2022-05-14T14:52:06","modified_gmt":"2022-05-14T12:52:06","slug":"gruene-ue60-treffen-sich-in-hanau","status":"publish","type":"post","link":"https:\/\/www.gruene-mkk.de\/cs\/gruene-ue60-treffen-sich-in-hanau\/","title":{"rendered":"Setk\u00e1n\u00ed Green \u00dc60 v Hanau"},"content":{"rendered":"<p>P\u0159\u00ed\u0161t\u00ed sch\u016fze m\u00edstn\u00ed ak\u010dn\u00ed skupiny \u201eGr\u00fcne Alte\u201c se bude konat dne 20. kv\u011btna ve Frankfurtu nad Mohanem.<\/p>\n\n\n\n<!--more-->\n\n\n\n<p>V sobotu 14. kv\u011btna se \u010dlenov\u00e9 Green Main-Kinzig star\u0161\u00ed 60 let setkali na sn\u00eddani v sousedn\u00edm dom\u011b T\u00fcmpelgarten v Hanau.<\/p>\n\n\n\n<p>\u00da\u010dastn\u00edci shrom\u00e1\u017edili t\u00e9mata, o nich\u017e by si r\u00e1di vym\u011bnili n\u00e1pady na dal\u0161\u00edch setk\u00e1n\u00edch a vypracovali konkr\u00e9tn\u00ed \u0159e\u0161en\u00ed. T\u00e9mata zahrnovala bydlen\u00ed, mobilitu a digitalizaci.<\/p>\n\n\n\n<p>Zainteresovan\u00ed \u010dlenov\u00e9 n\u00e1s mohou kdykoli kontaktovat e-mailem <a href=\"#\" data-unscramble=\"ed.kkm-eneurg@vk\">kv@gruene-mkk.de<\/a> Ohlaste se pro v\u00edce informac\u00ed.<\/p>\n\n\n\n<p>P\u0159\u00ed\u0161t\u00ed sch\u016fze je napl\u00e1nov\u00e1na na 1. \u0159\u00edjna dopoledne. M\u00edsto a \u010das budou ozn\u00e1meny.<\/p>\n\n\n\n<figure class=\"wp-block-gallery columns-2 is-cropped wp-block-gallery-1 is-layout-flex wp-block-gallery-is-layout-flex\"><ul class=\"blocks-gallery-grid\"><li class=\"blocks-gallery-item\"><figure><img loading=\"lazy\" decoding=\"async\" width=\"800\" height=\"600\" src=\"http:\/\/www.gruene-mkk.de\/wp-content\/uploads\/2022\/05\/PXL_20220514_085149553-800x600.jpg\" alt=\"\" data-id=\"1076\" data-full-url=\"http:\/\/www.gruene-mkk.de\/wp-content\/uploads\/2022\/05\/PXL_20220514_085149553-scaled.jpg\" data-link=\"https:\/\/www.gruene-mkk.de\/?attachment_id=1076\" class=\"wp-image-1076\" srcset=\"https:\/\/www.gruene-mkk.de\/wp-content\/uploads\/2022\/05\/PXL_20220514_085149553-800x600.jpg 800w, https:\/\/www.gruene-mkk.de\/wp-content\/uploads\/2022\/05\/PXL_20220514_085149553-400x300.jpg 400w, https:\/\/www.gruene-mkk.de\/wp-content\/uploads\/2022\/05\/PXL_20220514_085149553-768x576.jpg 768w, https:\/\/www.gruene-mkk.de\/wp-content\/uploads\/2022\/05\/PXL_20220514_085149553-1536x1152.jpg 1536w, https:\/\/www.gruene-mkk.de\/wp-content\/uploads\/2022\/05\/PXL_20220514_085149553-2048x1536.jpg 2048w\" sizes=\"auto, (max-width: 800px) 100vw, 800px\" \/><\/figure><\/li><li class=\"blocks-gallery-item\"><figure><img loading=\"lazy\" decoding=\"async\" width=\"800\" height=\"1067\" src=\"http:\/\/www.gruene-mkk.de\/wp-content\/uploads\/2022\/05\/PXL_20220514_083158006-800x1067.jpg\" alt=\"\" data-id=\"1075\" data-full-url=\"http:\/\/www.gruene-mkk.de\/wp-content\/uploads\/2022\/05\/PXL_20220514_083158006-scaled.jpg\" data-link=\"https:\/\/www.gruene-mkk.de\/?attachment_id=1075\" class=\"wp-image-1075\" srcset=\"https:\/\/www.gruene-mkk.de\/wp-content\/uploads\/2022\/05\/PXL_20220514_083158006-800x1067.jpg 800w, https:\/\/www.gruene-mkk.de\/wp-content\/uploads\/2022\/05\/PXL_20220514_083158006-400x533.jpg 400w, https:\/\/www.gruene-mkk.de\/wp-content\/uploads\/2022\/05\/PXL_20220514_083158006-768x1024.jpg 768w, https:\/\/www.gruene-mkk.de\/wp-content\/uploads\/2022\/05\/PXL_20220514_083158006-1152x1536.jpg 1152w, https:\/\/www.gruene-mkk.de\/wp-content\/uploads\/2022\/05\/PXL_20220514_083158006-1536x2048.jpg 1536w, https:\/\/www.gruene-mkk.de\/wp-content\/uploads\/2022\/05\/PXL_20220514_083158006-scaled.jpg 1920w\" sizes=\"auto, (max-width: 800px) 100vw, 800px\" \/><\/figure><\/li><\/ul><\/figure>","protected":false},"excerpt":{"rendered":"<p>P\u0159\u00ed\u0161t\u00ed sch\u016fze m\u00edstn\u00ed ak\u010dn\u00ed skupiny \u201eGr\u00fcne Alte\u201c se bude konat dne 20. kv\u011btna ve Frankfurtu nad Mohanem.<\/p>","protected":false},"author":-1,"featured_media":1074,"comment_status":"open","ping_status":"open","sticky":false,"template":"","format":"standard","meta":{"footnotes":""},"categories":[1],"tags":[],"class_list":["post-1073","post","type-post","status-publish","format-standard","has-post-thumbnail","hentry","category-allgemein"],"_links":{"self":[{"href":"https:\/\/www.gruene-mkk.de\/cs\/wp-json\/wp\/v2\/posts\/1073","targetHints":{"allow":["GET"]}}],"collection":[{"href":"https:\/\/www.gruene-mkk.de\/cs\/wp-json\/wp\/v2\/posts"}],"about":[{"href":"https:\/\/www.gruene-mkk.de\/cs\/wp-json\/wp\/v2\/types\/post"}],"author":[{"embeddable":true,"href":"https:\/\/www.gruene-mkk.de\/cs\/wp-json\/wp\/v2\/users\/2"}],"replies":[{"embeddable":true,"href":"https:\/\/www.gruene-mkk.de\/cs\/wp-json\/wp\/v2\/comments?post=1073"}],"version-history":[{"count":2,"href":"https:\/\/www.gruene-mkk.de\/cs\/wp-json\/wp\/v2\/posts\/1073\/revisions"}],"predecessor-version":[{"id":1078,"href":"https:\/\/www.gruene-mkk.de\/cs\/wp-json\/wp\/v2\/posts\/1073\/revisions\/1078"}],"wp:featuredmedia":[{"embeddable":true,"href":"https:\/\/www.gruene-mkk.de\/cs\/wp-json\/wp\/v2\/media\/1074"}],"wp:attachment":[{"href":"https:\/\/www.gruene-mkk.de\/cs\/wp-json\/wp\/v2\/media?parent=1073"}],"wp:term":[{"taxonomy":"category","embeddable":true,"href":"https:\/\/www.gruene-mkk.de\/cs\/wp-json\/wp\/v2\/categories?post=1073"},{"taxonomy":"post_tag","embeddable":true,"href":"https:\/\/www.gruene-mkk.de\/cs\/wp-json\/wp\/v2\/tags?post=1073"}],"curies":[{"name":"wp","href":"https:\/\/api.w.org\/{rel}","templated":true}]}}