{"id":1069,"date":"2022-05-05T17:32:00","date_gmt":"2022-05-05T15:32:00","guid":{"rendered":"https:\/\/www.gruene-mkk.de\/?p=1069"},"modified":"2022-05-12T17:36:44","modified_gmt":"2022-05-12T15:36:44","slug":"veranstaltung-nachhaltige-landwirtschaft-in-hessen","status":"publish","type":"post","link":"https:\/\/www.gruene-mkk.de\/cs\/veranstaltung-nachhaltige-landwirtschaft-in-hessen\/","title":{"rendered":"Ud\u00e1lost: \u201eUdr\u017eiteln\u00e9 zem\u011bd\u011blstv\u00ed v Hesensku\u201c"},"content":{"rendered":"<p>Dne 28. dubna 2022 p\u0159ijali krom\u011b Marka Tragesera, p\u0159edsedy Sdru\u017een\u00ed zem\u011bd\u011blc\u016f Main-Kinzig-Kreis, n\u011bkte\u0159\u00ed zem\u011bd\u011blci a dal\u0161\u00ed zainteresovan\u00ed ob\u010dan\u00e9 z Biebergem\u00fcndu rovn\u011b\u017e pozv\u00e1n\u00ed Sdru\u017een\u00ed m\u00edstn\u00edch zelen\u00fdch, aby&nbsp;<a href=\"https:\/\/www.gruene-biebergemuend.de\/2022\/04\/15\/28-4-stammtisch-mit-hans-juergen-mueller\/\">Digit\u00e1ln\u00ed zelen\u00fd kulat\u00fd st\u016fl na t\u00e9ma \u201eUdr\u017eiteln\u00e9 zem\u011bd\u011blstv\u00ed v Hesensku\u201c<\/a>&nbsp;Jsem zanepr\u00e1zdn\u011bn\u00fd.<\/p>\n\n\n\n<p>dlouholet\u00fd ekologick\u00fd zem\u011bd\u011blec a mluv\u010d\u00ed parlamentn\u00ed skupiny Zelen\u00fdch pro zem\u011bd\u011blstv\u00ed, dobr\u00e9 \u017eivotn\u00ed podm\u00ednky zv\u00ed\u0159at a lov,\u00a0<a href=\"https:\/\/www.mueller-witzenhausen.de\/\">Hans-J\u00fcrgen M\u00fcller<\/a>, Nejprve popsal sv\u016fj pohled na zem\u011bd\u011blstv\u00ed v pr\u016fb\u011bhu \u010dasu.\u00a0<\/p>\n\n\n\n<p><a href=\"https:\/\/www.gruene-biebergemuend.de\/2022\/05\/03\/gruene-agrarpolitik-fuer-hessen-mit-hans-juergen-mueller\/\">Podrobnou zpr\u00e1vu o akci lze nal\u00e9zt na internetov\u00fdch str\u00e1nk\u00e1ch Gr\u00fcner Biebergem\u00fcnd.<\/a><\/p>","protected":false},"excerpt":{"rendered":"<p>Krom\u011b Marka Tragesera, p\u0159edsedy sdru\u017een\u00ed zem\u011bd\u011blc\u016f okresu Main-Kinzig, n\u00e1sledovali dne 28. dubna 2022 n\u011bkte\u0159\u00ed zem\u011bd\u011blci a dal\u0161\u00ed zainteresovan\u00ed spoluob\u010dan\u00e9 z Biebergem\u00fcndu pozv\u00e1n\u00ed Zelen\u00fdch [...]<\/p>","protected":false},"author":-1,"featured_media":0,"comment_status":"open","ping_status":"open","sticky":false,"template":"","format":"standard","meta":{"footnotes":""},"categories":[4],"tags":[],"class_list":["post-1069","post","type-post","status-publish","format-standard","hentry","category-newsortsverbaende"],"_links":{"self":[{"href":"https:\/\/www.gruene-mkk.de\/cs\/wp-json\/wp\/v2\/posts\/1069","targetHints":{"allow":["GET"]}}],"collection":[{"href":"https:\/\/www.gruene-mkk.de\/cs\/wp-json\/wp\/v2\/posts"}],"about":[{"href":"https:\/\/www.gruene-mkk.de\/cs\/wp-json\/wp\/v2\/types\/post"}],"author":[{"embeddable":true,"href":"https:\/\/www.gruene-mkk.de\/cs\/wp-json\/wp\/v2\/users\/2"}],"replies":[{"embeddable":true,"href":"https:\/\/www.gruene-mkk.de\/cs\/wp-json\/wp\/v2\/comments?post=1069"}],"version-history":[{"count":1,"href":"https:\/\/www.gruene-mkk.de\/cs\/wp-json\/wp\/v2\/posts\/1069\/revisions"}],"predecessor-version":[{"id":1071,"href":"https:\/\/www.gruene-mkk.de\/cs\/wp-json\/wp\/v2\/posts\/1069\/revisions\/1071"}],"wp:attachment":[{"href":"https:\/\/www.gruene-mkk.de\/cs\/wp-json\/wp\/v2\/media?parent=1069"}],"wp:term":[{"taxonomy":"category","embeddable":true,"href":"https:\/\/www.gruene-mkk.de\/cs\/wp-json\/wp\/v2\/categories?post=1069"},{"taxonomy":"post_tag","embeddable":true,"href":"https:\/\/www.gruene-mkk.de\/cs\/wp-json\/wp\/v2\/tags?post=1069"}],"curies":[{"name":"wp","href":"https:\/\/api.w.org\/{rel}","templated":true}]}}