{"id":1047,"date":"2022-04-28T12:35:02","date_gmt":"2022-04-28T10:35:02","guid":{"rendered":"https:\/\/www.gruene-mkk.de\/?p=1047"},"modified":"2022-04-28T12:35:03","modified_gmt":"2022-04-28T10:35:03","slug":"delegierte-mit-erfahrung-und-know-how","status":"publish","type":"post","link":"https:\/\/www.gruene-mkk.de\/cs\/delegierte-mit-erfahrung-und-know-how\/","title":{"rendered":"Deleg\u00e1ti se zku\u0161enostmi a know-how"},"content":{"rendered":"<p><strong><em>\u010clenov\u00e9 strany B\u00fcndnis 90\/Die Gr\u00fcnen Main-Kinzig vol\u00ed deleg\u00e1ty do stranick\u00e9 rady Zelen\u00fdch v Hesensku<\/em><\/strong><\/p>\n\n\n\n<!--more-->\n\n\n\n<p>\"S Angelikou Gunkelovou a Jakobem M\u00e4hlerem budou Zelen\u00ed v Main-Kinzigu op\u011bt zastoupeni ve stranick\u00e9 rad\u011b dv\u011bma aktivn\u00edmi a anga\u017eovan\u00fdmi m\u00edstn\u00edmi politiky,\" uvedla Viola Ha\u00dfdenteufelov\u00e1, mluv\u010d\u00ed rady a z\u00e1stupkyn\u011b p\u0159edsedy Zelen\u00fdch v Main-Kinzigu. Dne 27. dubna se \u010dlenov\u00e9 okresn\u00edho sdru\u017een\u00ed se\u0161li v Klosterberghalle v Langenselboldu, aby mimo jin\u00e9 zvolili deleg\u00e1ty do org\u00e1nu region\u00e1ln\u00edho sdru\u017een\u00ed.<\/p>\n\n\n\n<p>Angelika Gunkelov\u00e1, \u010dlenka okresn\u00edho v\u00fdboru Zelen\u00fdch z Hanau, byla ve sv\u00e9 kancel\u00e1\u0159i potvrzena jako deleg\u00e1tka stranick\u00e9 rady. \"V rad\u011b strany m\u00e1me p\u0159\u00edle\u017eitost za\u0159adit na po\u0159ad jedn\u00e1n\u00ed hesensk\u00fdch zelen\u00fdch ot\u00e1zky, kter\u00e9 se n\u00e1s obzvl\u00e1\u0161t\u011b t\u00fdkaj\u00ed v okrese Main-Kinzig a kter\u00e9 jsou d\u016fle\u017eit\u00e9 i pro dal\u0161\u00ed okresy,\" \u0159\u00edk\u00e1 Gunkel. V souvislosti s v\u00fdro\u010d\u00edm \u00fatoku dne 19. \u00fanora 2020 p\u0159edlo\u017eila spole\u010dn\u00fd n\u00e1vrh posledn\u00ed stranick\u00e9 rad\u011b parlamentn\u00ed skupiny Zelen\u00fdch, jako\u017e i Zelen\u00fdm Main-Kinzig a Hanau. Zab\u00fdvala se bojem proti rasismu, podporou demokracie a policejn\u00ed reformou v Hesensku.<\/p>\n\n\n\n<p>Jakob M\u00e4hler z Gelnhausenu byl nov\u011b zvolen do funkce deleg\u00e1ta stranick\u00e9 rady. V\u00fdkonn\u00fd \u0159editel skupiny na pln\u00fd \u00favazek a z\u00e1stupce p\u0159edsedy skupiny Zelen\u00fdch v okresn\u00ed rad\u011b, kter\u00fd tak\u00e9 zastupuje Zelenou ml\u00e1de\u017e Main-Kinzig jako mluv\u010d\u00ed v okresn\u00ed rad\u011b, nahrazuje Reinera Bousonvilla jako deleg\u00e1ta. \u201eT\u011b\u0161\u00edm se na novou \u00falohu v rad\u011b strany. Cht\u011bl bych p\u0159in\u00e9st zku\u0161enosti a specifick\u00e9 znalosti, kter\u00e9 jsem shrom\u00e1\u017edil a shrom\u00e1\u017edil v r\u016fzn\u00fdch v\u00fdborech, do stranick\u00e9 rady a co nejl\u00e9pe reprezentovat okres Main-Kinzig a jeho zelen\u00e9 \u010dleny, \"\u0159\u00edk\u00e1 M\u00e4hler, kter\u00fd tak\u00e9 vede Zelenou skupinu v Gelnhausenu.<\/p>\n\n\n\n<p>Reiner Bousonville, Sandra Gerbert, Viola Ha\u00dfdenteufel a Knut Kiesel byli vybr\u00e1ni jako n\u00e1hradn\u00ed deleg\u00e1ti za Gunkel a Mower.<\/p>","protected":false},"excerpt":{"rendered":"<p>\u010clenov\u00e9 strany B\u00fcndnis 90\/Die Gr\u00fcnen Main-Kinzig vol\u00ed deleg\u00e1ty do stranick\u00e9 rady Zelen\u00fdch v Hesensku<\/p>","protected":false},"author":-1,"featured_media":1048,"comment_status":"open","ping_status":"open","sticky":false,"template":"","format":"standard","meta":{"footnotes":""},"categories":[1],"tags":[],"class_list":["post-1047","post","type-post","status-publish","format-standard","has-post-thumbnail","hentry","category-allgemein"],"_links":{"self":[{"href":"https:\/\/www.gruene-mkk.de\/cs\/wp-json\/wp\/v2\/posts\/1047","targetHints":{"allow":["GET"]}}],"collection":[{"href":"https:\/\/www.gruene-mkk.de\/cs\/wp-json\/wp\/v2\/posts"}],"about":[{"href":"https:\/\/www.gruene-mkk.de\/cs\/wp-json\/wp\/v2\/types\/post"}],"author":[{"embeddable":true,"href":"https:\/\/www.gruene-mkk.de\/cs\/wp-json\/wp\/v2\/users\/2"}],"replies":[{"embeddable":true,"href":"https:\/\/www.gruene-mkk.de\/cs\/wp-json\/wp\/v2\/comments?post=1047"}],"version-history":[{"count":1,"href":"https:\/\/www.gruene-mkk.de\/cs\/wp-json\/wp\/v2\/posts\/1047\/revisions"}],"predecessor-version":[{"id":1049,"href":"https:\/\/www.gruene-mkk.de\/cs\/wp-json\/wp\/v2\/posts\/1047\/revisions\/1049"}],"wp:featuredmedia":[{"embeddable":true,"href":"https:\/\/www.gruene-mkk.de\/cs\/wp-json\/wp\/v2\/media\/1048"}],"wp:attachment":[{"href":"https:\/\/www.gruene-mkk.de\/cs\/wp-json\/wp\/v2\/media?parent=1047"}],"wp:term":[{"taxonomy":"category","embeddable":true,"href":"https:\/\/www.gruene-mkk.de\/cs\/wp-json\/wp\/v2\/categories?post=1047"},{"taxonomy":"post_tag","embeddable":true,"href":"https:\/\/www.gruene-mkk.de\/cs\/wp-json\/wp\/v2\/tags?post=1047"}],"curies":[{"name":"wp","href":"https:\/\/api.w.org\/{rel}","templated":true}]}}