{"id":1037,"date":"2022-04-22T09:35:35","date_gmt":"2022-04-22T07:35:35","guid":{"rendered":"https:\/\/www.gruene-mkk.de\/?p=1037"},"modified":"2024-09-05T14:45:36","modified_gmt":"2024-09-05T12:45:36","slug":"akutes-marktversagen","status":"publish","type":"post","link":"https:\/\/www.gruene-mkk.de\/cs\/akutes-marktversagen\/","title":{"rendered":"Akutn\u00ed selh\u00e1n\u00ed trhu"},"content":{"rendered":"<p><strong>Zelen\u00ed v Main-Kinzig vyz\u00fdvaj\u00ed Kreis k vytvo\u0159en\u00ed cenov\u011b dostupn\u00e9ho bydlen\u00ed<\/strong><\/p>\n\n\n\n<!--more-->\n\n\n\n<p>\"V oblasti cenov\u011b dostupn\u00e9ho bydlen\u00ed doch\u00e1z\u00ed k akutn\u00edmu selh\u00e1n\u00ed trhu,\" \u0159\u00edk\u00e1 Viola Ha\u00dfdenteufelov\u00e1, mluv\u010d\u00ed pro soci\u00e1ln\u00ed politiku a m\u00edstop\u0159edsedkyn\u011b parlamentn\u00ed skupiny Zelen\u00fdch. \u201eZejm\u00e9na v dob\u011b rostouc\u00edch cen a vysok\u00e9 inflace ji\u017e nen\u00ed vhodn\u00e9 budovat pouze bydlen\u00ed pro l\u00e9pe vyd\u011bl\u00e1vaj\u00edc\u00ed lidi.\u201c<\/p>\n\n\n\n<p>Poslaneck\u00e1 skupina Zelen\u00fdch Main-Kinzig proto zaslala spr\u00e1vn\u00edm \u00fatvar\u016fm okresu Main-Kinzig \u017e\u00e1dost: \u201eCelkov\u011b klademe kruhu pouze jednu ot\u00e1zku: Jak\u00e9 kroky podnikla administrativa k ohl\u00e1\u0161en\u00e9mu zalo\u017een\u00ed okresn\u00ed bytov\u00e9 spole\u010dnosti?\u201c Je z\u0159ejm\u00e9, \u017ee trh \u201etento probl\u00e9m s\u00e1m nereguluje. Naopak: Za \u00fa\u010delem dosa\u017een\u00ed je\u0161t\u011b vy\u0161\u0161\u00edch v\u00fdnos\u016f se buduj\u00ed st\u00e1le v\u011bt\u0161\u00ed a dra\u017e\u0161\u00ed byty, kter\u00e9 se pronaj\u00edmaj\u00ed nebo prod\u00e1vaj\u00ed za velk\u00e9 \u010d\u00e1stky.\u201c<\/p>\n\n\n\n<p>Pokud m\u00e1te jen n\u00edzk\u00fd p\u0159\u00edjem, sotva si m\u016f\u017eete dovolit \u017e\u00edt ve m\u011bstech, jako je Gelnhausen nebo Hanau: \"Cenov\u011b dostupn\u00e9 bydlen\u00ed je definov\u00e1no tak, \u017ee byt, v\u010detn\u011b v\u0161ech provozn\u00edch n\u00e1klad\u016f, nevy\u017eaduje v\u00edce ne\u017e jednu t\u0159etinu objemu dom\u00e1cnosti,\" \u0159\u00edk\u00e1 Ha\u00dfdenteufel. Po cel\u00e1 l\u00e9ta se v\u0161ak objevil obr\u00e1zek, \u017ee \u201enov\u011b postaven\u00e9 byty v m\u011bstsk\u00fdch oblastech okresu maj\u00ed obvykle \u010dty\u0159cifernou v\u00fd\u0161i n\u00e1jmu\u201c.<\/p>\n\n\n\n<p>Je odpov\u011bdnost\u00ed Main-Kinzig-Kreis tuto situaci kone\u010dn\u011b napravit: \u201eVelk\u00e1 koalice slo\u017een\u00e1 z SPD a CDU loni v l\u00e9t\u011b ozn\u00e1mila, \u017ee tuto situaci naprav\u00ed z\u0159\u00edzen\u00edm okresn\u00edho bytov\u00e9ho sdru\u017een\u00ed. My Zelen\u00ed jsme se zav\u00e1zali, \u017ee tento projekt podpo\u0159\u00edme. Bohu\u017eel se zd\u00e1, \u017ee od t\u00e9 doby se nic nestalo, krom\u011b toho, \u017ee st\u00e1le existuj\u00edc\u00ed stavebn\u00ed pozemek je nad\u00e1le postaven s drah\u00fdmi luxusn\u00edmi byty,\" kritizuje Ha\u00dfdenteufel.<\/p>\n\n\n\n<p>Nen\u00ed tomu jinak, kdy\u017e vysv\u011btlujeme, \u017ee d\u016fle\u017eit\u00e9 projekty kruhu ml\u010d\u00ed: \u201eSdru\u017een\u00ed pro oblastn\u00ed bydlen\u00ed, zdravotnick\u00e1 akademie a pl\u00e1n rozvoje \u0161kol jsou jen t\u0159i p\u0159\u00edklady, kdy je z\u0159ejm\u00e9, \u017ee Velk\u00e1 koalice se zam\u011b\u0159uje na \u0159\u00edzen\u00ed st\u00e1vaj\u00edc\u00ed koalice. Zejm\u00e9na ve sm\u011bru okresn\u00edch voleb v p\u0159\u00ed\u0161t\u00edm roce by nem\u011bl b\u00fdt rozv\u00ed\u0159en \u017e\u00e1dn\u00fd zbyte\u010dn\u00fd prach. Velk\u00e1 koalice up\u0159ednost\u0148uje p\u0159em\u00fd\u0161let o tv\u016fr\u010d\u00edch ospravedln\u011bn\u00edch, aby odm\u00edtla n\u00e1vrhy opozice, a na opl\u00e1tku p\u0159estala pracovat na obsahu, \"\u0159\u00edk\u00e1 Ha\u00dfdenteufel.<\/p>\n\n\n\n<p>Dal\u0161\u00edm p\u0159\u00edkladem je Arbeitskreis Nahmobilit\u00e4t Hessen (AGNH): \u201eJedn\u00e1 se o sdru\u017een\u00ed okres\u016f, m\u011bst a obc\u00ed s c\u00edlem pos\u00edlit ch\u016fzi a j\u00edzdu na kole a rozv\u00edjet spole\u010dn\u00e9 koncepce mobility,\u201c \u0159\u00edk\u00e1 Rainer Vogel, \u010dlen v\u00fdboru pro dopravu. Velk\u00e1 koalice se v roce 2019 rozhodla v pr\u016fb\u011bhu odm\u00edtnut\u00ed v\u00edce pen\u011bz na v\u00fdstavbu cyklostezek alespo\u0148 p\u0159ipojit k AGNH.<\/p>\n\n\n\n<p>\u201eMain-Kinzig-Kreis v\u0161ak st\u00e1le nen\u00ed za\u0159azena na seznam \u010dlen\u016f. Lze tedy p\u0159edpokl\u00e1dat, \u017ee se op\u011bt jednalo o nerealizovanou iniciativu Velk\u00e9 koalice.\" 19 z 21 hesensk\u00fdch okres\u016f je ji\u017e zde \u010dleny: \"Stejn\u011b jako hesensk\u00fd ekomodelov\u00fd region jsme i my jednou z posledn\u00edch zem\u00ed, kter\u00e9 se \u00fa\u010dastn\u00ed d\u016fle\u017eit\u00fdch iniciativ,\" uzav\u00edr\u00e1 Vogel.<\/p>\n\n\n\n<hr class=\"wp-block-separator\"\/>\n\n\n\n<p>Dotazy na:<\/p>\n\n\n\n<p>Jakob M\u00e4hler<br>Gener\u00e1ln\u00ed \u0159editel skupiny<br>Aliance 90 \/ Zelen\u00ed Main-Kinzig<\/p>\n\n\n\n<p>06181\/61596<br>0176\/46763336<\/p>\n\n\n\n<p>fraktion@gruene-mkk.de<\/p>","protected":false},"excerpt":{"rendered":"<p>Zelen\u00ed v Main-Kinzig vyz\u00fdvaj\u00ed Kreis k vytvo\u0159en\u00ed cenov\u011b dostupn\u00e9ho bydlen\u00ed<\/p>","protected":false},"author":-1,"featured_media":0,"comment_status":"open","ping_status":"open","sticky":false,"template":"","format":"standard","meta":{"footnotes":""},"categories":[2],"tags":[],"class_list":["post-1037","post","type-post","status-publish","format-standard","hentry","category-newskreistagsfraktion"],"_links":{"self":[{"href":"https:\/\/www.gruene-mkk.de\/cs\/wp-json\/wp\/v2\/posts\/1037","targetHints":{"allow":["GET"]}}],"collection":[{"href":"https:\/\/www.gruene-mkk.de\/cs\/wp-json\/wp\/v2\/posts"}],"about":[{"href":"https:\/\/www.gruene-mkk.de\/cs\/wp-json\/wp\/v2\/types\/post"}],"author":[{"embeddable":true,"href":"https:\/\/www.gruene-mkk.de\/cs\/wp-json\/wp\/v2\/users\/5"}],"replies":[{"embeddable":true,"href":"https:\/\/www.gruene-mkk.de\/cs\/wp-json\/wp\/v2\/comments?post=1037"}],"version-history":[{"count":1,"href":"https:\/\/www.gruene-mkk.de\/cs\/wp-json\/wp\/v2\/posts\/1037\/revisions"}],"predecessor-version":[{"id":1039,"href":"https:\/\/www.gruene-mkk.de\/cs\/wp-json\/wp\/v2\/posts\/1037\/revisions\/1039"}],"wp:attachment":[{"href":"https:\/\/www.gruene-mkk.de\/cs\/wp-json\/wp\/v2\/media?parent=1037"}],"wp:term":[{"taxonomy":"category","embeddable":true,"href":"https:\/\/www.gruene-mkk.de\/cs\/wp-json\/wp\/v2\/categories?post=1037"},{"taxonomy":"post_tag","embeddable":true,"href":"https:\/\/www.gruene-mkk.de\/cs\/wp-json\/wp\/v2\/tags?post=1037"}],"curies":[{"name":"wp","href":"https:\/\/api.w.org\/{rel}","templated":true}]}}