{"id":1033,"date":"2022-04-19T09:00:00","date_gmt":"2022-04-19T07:00:00","guid":{"rendered":"https:\/\/www.gruene-mkk.de\/?p=1033"},"modified":"2022-04-19T12:46:10","modified_gmt":"2022-04-19T10:46:10","slug":"nachhaltige-landwirtschaft-in-hessen","status":"publish","type":"post","link":"https:\/\/www.gruene-mkk.de\/cs\/nachhaltige-landwirtschaft-in-hessen\/","title":{"rendered":"Udr\u017eiteln\u00e9 zem\u011bd\u011blstv\u00ed v Hesensku"},"content":{"rendered":"<p>Ozn\u00e1men\u00ed o jmenov\u00e1n\u00ed: \u010dtvrtek 29. dubna v 19:00, Digit\u00e1ln\u00ed Stammtisch der Gr\u00fcnen Biebergem\u00fcnd s Hansem-J\u00fcrgenem M\u00fcllerem, MdL<\/p>\n\n\n\n<!--more-->\n\n\n\n<p>M\u00edstn\u00ed sdru\u017een\u00ed Biebergem\u00fcnde B\u00fcndnis 90\/Die Gr\u00fcnen V\u00e1s srde\u010dn\u011b zve na digit\u00e1ln\u00ed Zelen\u00fd kulat\u00fd st\u016fl na t\u00e9ma \u201eUdr\u017eiteln\u00e9 zem\u011bd\u011blstv\u00ed v Hesensku\u201c. Zelen\u00fd kulat\u00fd st\u016fl je otev\u0159enou akc\u00ed pro v\u0161echny zainteresovan\u00e9 ob\u010dany.<\/p>\n\n\n\n<p>Jsme pot\u011b\u0161eni, \u017ee dnes ve\u010der m\u016f\u017eeme v hesensk\u00e9m parlamentu p\u0159iv\u00edtat Hanse-J\u00fcrgena M\u00fcllera, ost\u0159\u00edlen\u00e9ho ekologick\u00e9ho zem\u011bd\u011blce a mluv\u010d\u00edho pro zem\u011bd\u011blskou politiku skupiny Zelen\u00fdch. Hans-J\u00fcrgen M\u00fcller se intenzivn\u011b zab\u00fdv\u00e1 ot\u00e1zkou, jakou zem\u011bd\u011blskou politiku pot\u0159ebujeme pro udr\u017eiteln\u00e9 zem\u011bd\u011blstv\u00ed v Hesensku a souvisej\u00edc\u00edmi c\u00edli a v\u00fdzvami.<\/p>\n\n\n\n<p>V\u00edce informac\u00ed o akci naleznete zde: <a rel=\"noreferrer noopener\" href=\"https:\/\/gruenlink.de\/2ijr?fbclid=IwAR04ulwRa50sgsJ29APz2BSPwFybLCgU5eZttpZML1x4_IG6iX6vIzApsBQ\" target=\"_blank\">https:\/\/gruenlink.de\/2ijr<\/a><\/p>","protected":false},"excerpt":{"rendered":"<p>Ozn\u00e1men\u00ed o jmenov\u00e1n\u00ed: \u010dtvrtek 29. dubna v 19:00, Digit\u00e1ln\u00ed Stammtisch der Gr\u00fcnen Biebergem\u00fcnd s Hansem-J\u00fcrgenem M\u00fcllerem, MdL<\/p>","protected":false},"author":-1,"featured_media":0,"comment_status":"open","ping_status":"open","sticky":false,"template":"","format":"standard","meta":{"footnotes":""},"categories":[1],"tags":[],"class_list":["post-1033","post","type-post","status-publish","format-standard","hentry","category-allgemein"],"_links":{"self":[{"href":"https:\/\/www.gruene-mkk.de\/cs\/wp-json\/wp\/v2\/posts\/1033","targetHints":{"allow":["GET"]}}],"collection":[{"href":"https:\/\/www.gruene-mkk.de\/cs\/wp-json\/wp\/v2\/posts"}],"about":[{"href":"https:\/\/www.gruene-mkk.de\/cs\/wp-json\/wp\/v2\/types\/post"}],"author":[{"embeddable":true,"href":"https:\/\/www.gruene-mkk.de\/cs\/wp-json\/wp\/v2\/users\/2"}],"replies":[{"embeddable":true,"href":"https:\/\/www.gruene-mkk.de\/cs\/wp-json\/wp\/v2\/comments?post=1033"}],"version-history":[{"count":2,"href":"https:\/\/www.gruene-mkk.de\/cs\/wp-json\/wp\/v2\/posts\/1033\/revisions"}],"predecessor-version":[{"id":1035,"href":"https:\/\/www.gruene-mkk.de\/cs\/wp-json\/wp\/v2\/posts\/1033\/revisions\/1035"}],"wp:attachment":[{"href":"https:\/\/www.gruene-mkk.de\/cs\/wp-json\/wp\/v2\/media?parent=1033"}],"wp:term":[{"taxonomy":"category","embeddable":true,"href":"https:\/\/www.gruene-mkk.de\/cs\/wp-json\/wp\/v2\/categories?post=1033"},{"taxonomy":"post_tag","embeddable":true,"href":"https:\/\/www.gruene-mkk.de\/cs\/wp-json\/wp\/v2\/tags?post=1033"}],"curies":[{"name":"wp","href":"https:\/\/api.w.org\/{rel}","templated":true}]}}