{"id":1028,"date":"2022-04-19T12:00:00","date_gmt":"2022-04-19T10:00:00","guid":{"rendered":"https:\/\/www.gruene-mkk.de\/?p=1028"},"modified":"2022-04-19T11:29:26","modified_gmt":"2022-04-19T09:29:26","slug":"leben-und-wirken-wird-nicht-vergessen-werden","status":"publish","type":"post","link":"https:\/\/www.gruene-mkk.de\/cs\/leben-und-wirken-wird-nicht-vergessen-werden\/","title":{"rendered":"\u017divot a pr\u00e1ce nebudou zapomenuty"},"content":{"rendered":"<p><em>Green Main-Kinzig komentuje smrt Ericha Pipy: \u201eJeden z nejvlivn\u011bj\u0161\u00edch politik\u016f v kruhu\u201c<\/em><\/p>\n\n\n\n<!--more-->\n\n\n\n<p>\"Smutn\u00edme nad jedn\u00edm z nejvlivn\u011bj\u0161\u00edch politik\u016f v okrese Main-Kinzig,\" \u0159\u00edkaj\u00ed v\u00fdkonn\u00ed \u0159editel\u00e9 parlamentn\u00ed skupiny a zelen\u00ed Main-Kinzig, Reiner Bousonville, Viola Ha\u00dfdenteufel, Jakob M\u00e4hler a Ahmet Cetiner. \u201eS Erichem Pipou zem\u0159ela velk\u00e1 osobnost z okresu Main-Kinzig. Sv\u00fdm ne\u00fanavn\u00fdm \u00fasil\u00edm rozhodn\u011b utv\u00e1\u0159el okres Main-Kinzig.\u201c<\/p>\n\n\n\n<p>Spolupr\u00e1ce s Erichem Pipou byla ocen\u011bna nejen v dob\u011b spole\u010dn\u00e9 koalice: \u201eJako \u010dlen okresn\u00edho zastupitelstva hovo\u0159il na stejn\u00e9 \u00farovni nejen se sv\u00fdmi, ale se v\u0161emi stranami. Pro n\u011bj byla d\u016fle\u017eit\u00e1 spolupr\u00e1ce ve prosp\u011bch lidu Main-Kinzig-Kreis.\u201c Ani se neb\u00e1l uk\u00e1zat jasnou hranu: \u201eOce\u0148ov\u00e1n a respektov\u00e1n byl krom\u011b ne\u00fanavn\u00e9 pr\u00e1ce a oddanosti tak\u00e9 jeho jasn\u00fd postoj k d\u016fle\u017eit\u00fdm sou\u010dasn\u00fdm ud\u00e1lostem.\u201c<\/p>\n\n\n\n<p>P\u0159\u00edkladem m\u016f\u017ee b\u00fdt jeho snaha \u201ejednodu\u0161e se postarat o dlouhodob\u011b nezam\u011bstnan\u00e9 v kruhu nebo jeho jasn\u00fd postoj k lep\u0161\u00edmu p\u0159ij\u00edm\u00e1n\u00ed, ubytov\u00e1n\u00ed a p\u00e9\u010di o uprchl\u00edky. Vyst\u0159elil kv\u016fli probl\u00e9m\u016fm a p\u0159iznal se k nim i tv\u00e1\u0159\u00ed v tv\u00e1\u0159 prudk\u00e9mu protiv\u011btru.\u201c<\/p>\n\n\n\n<p>To zajistilo, \u017ee Pipa z\u00edskala uzn\u00e1n\u00ed nap\u0159\u00ed\u010d stranami: \u201eV\u017edy jsme ocenili spolupr\u00e1ci mezi n\u00e1mi Zelen\u00fdmi a b\u00fdvalou Landratovou. Erich Pipa byl v\u00edtan\u00fdm hostem na\u0161\u00ed skupiny, kdy\u017e jsme my v Main-Kinzig-Kreis \u010delili velk\u00fdm rozhodnut\u00edm nebo jsme si cht\u011bli vym\u011bnit n\u00e1zory na jednotliv\u00e9 priority.\u201c<\/p>\n\n\n\n<p>Nane\u0161t\u011bst\u00ed se tak\u00e9 musel sezn\u00e1mit s temnou stranou. Kv\u016fli sv\u00e9mu jasn\u00e9mu n\u00e1zoru mu bylo vyhro\u017eov\u00e1no smrt\u00ed a opakovan\u011b se stal ob\u011bt\u00ed nep\u0159\u00e1telstv\u00ed. M\u00edsto toho, aby se st\u00e1hl, pokra\u010doval v obhajob\u011b sv\u00e9ho n\u00e1zoru. To jasn\u011b ukazuje p\u00e1te\u0159 a bojovn\u00e9ho ducha Ericha Pipy, kter\u00fd jako kontroverzn\u011bj\u0161\u00ed, ale v\u017edy jako spravedliv\u00fd diskusn\u00ed partner cht\u011bl dos\u00e1hnout a tak\u00e9 dos\u00e1hl neust\u00e1l\u00e9ho zlep\u0161ov\u00e1n\u00ed kruhu,\" uvedla rada okresn\u00ed parlamentn\u00ed skupiny a okresn\u00ed rady.<\/p>\n\n\n\n<p>To zahrnuje i roz\u0161\u00ed\u0159en\u00ed \u0161irokop\u00e1smov\u00e9 infrastruktury, kter\u00e1 byla v t\u00e9 dob\u011b v N\u011bmecku ojedin\u011bl\u00e1 v t\u00e9to velikosti: \u201eBylo neobvykl\u00e9, aby kruh jednodu\u0161e z\u0159\u00eddil internet pro podniky a soukrom\u00e9 osoby samotn\u00e9, a bylo to d\u00edky b\u00fdval\u00e9mu okresn\u00edmu spr\u00e1vci, kter\u00fd m\u00edsto toho, aby \u010dekal na ostatn\u00ed, dal p\u0159ednost tomu, aby se s n\u00edm vypo\u0159\u00e1dal p\u0159\u00edmo s\u00e1m.\u201c<\/p>\n\n\n\n<p>V kruhu polo\u017eil mnoho z\u00e1klad\u016f a napsal mnoho \u00fasp\u011b\u0161n\u00fdch p\u0159\u00edb\u011bh\u016f: \u201eA\u0165 u\u017e se jedn\u00e1 o soci\u00e1ln\u00ed politiku nebo rozvoj dom\u00e1c\u00ed infrastruktury. Na t\u011bchto \u00fasp\u011b\u0161n\u00fdch p\u0159\u00edkladech jsme v posledn\u00edch n\u011bkolika letech dok\u00e1zali stav\u011bt a m\u016f\u017eeme na nich stav\u011bt i v budoucnu. \u017divot a d\u00edlo Ericha Pipy nebudou zapomenuty,\" uzav\u00edr\u00e1 rada Kreistagsfraaktion a Kreisvorstand.<\/p>","protected":false},"excerpt":{"rendered":"<p>Green Main-Kinzig komentuje smrt Ericha Pipy: \u201eJeden z nejvlivn\u011bj\u0161\u00edch politik\u016f v kruhu\u201c<\/p>","protected":false},"author":-1,"featured_media":1029,"comment_status":"open","ping_status":"open","sticky":false,"template":"","format":"standard","meta":{"footnotes":""},"categories":[1,2],"tags":[],"class_list":["post-1028","post","type-post","status-publish","format-standard","has-post-thumbnail","hentry","category-allgemein","category-newskreistagsfraktion"],"_links":{"self":[{"href":"https:\/\/www.gruene-mkk.de\/cs\/wp-json\/wp\/v2\/posts\/1028","targetHints":{"allow":["GET"]}}],"collection":[{"href":"https:\/\/www.gruene-mkk.de\/cs\/wp-json\/wp\/v2\/posts"}],"about":[{"href":"https:\/\/www.gruene-mkk.de\/cs\/wp-json\/wp\/v2\/types\/post"}],"author":[{"embeddable":true,"href":"https:\/\/www.gruene-mkk.de\/cs\/wp-json\/wp\/v2\/users\/2"}],"replies":[{"embeddable":true,"href":"https:\/\/www.gruene-mkk.de\/cs\/wp-json\/wp\/v2\/comments?post=1028"}],"version-history":[{"count":1,"href":"https:\/\/www.gruene-mkk.de\/cs\/wp-json\/wp\/v2\/posts\/1028\/revisions"}],"predecessor-version":[{"id":1030,"href":"https:\/\/www.gruene-mkk.de\/cs\/wp-json\/wp\/v2\/posts\/1028\/revisions\/1030"}],"wp:featuredmedia":[{"embeddable":true,"href":"https:\/\/www.gruene-mkk.de\/cs\/wp-json\/wp\/v2\/media\/1029"}],"wp:attachment":[{"href":"https:\/\/www.gruene-mkk.de\/cs\/wp-json\/wp\/v2\/media?parent=1028"}],"wp:term":[{"taxonomy":"category","embeddable":true,"href":"https:\/\/www.gruene-mkk.de\/cs\/wp-json\/wp\/v2\/categories?post=1028"},{"taxonomy":"post_tag","embeddable":true,"href":"https:\/\/www.gruene-mkk.de\/cs\/wp-json\/wp\/v2\/tags?post=1028"}],"curies":[{"name":"wp","href":"https:\/\/api.w.org\/{rel}","templated":true}]}}