{"id":1023,"date":"2022-04-14T12:03:19","date_gmt":"2022-04-14T10:03:19","guid":{"rendered":"https:\/\/www.gruene-mkk.de\/?p=1023"},"modified":"2022-04-14T12:08:51","modified_gmt":"2022-04-14T10:08:51","slug":"gruene-main-kinzig-sprechen-ueber-waldschutz","status":"publish","type":"post","link":"https:\/\/www.gruene-mkk.de\/cs\/gruene-main-kinzig-sprechen-ueber-waldschutz\/","title":{"rendered":"Green Main-Kinzig hovo\u0159\u00ed o ochran\u011b les\u016f"},"content":{"rendered":"<p>Z\u00e1stupci m\u00edstn\u00edch sdru\u017een\u00ed a parlamentn\u00edch skupin Zelen\u00fdch v okrese Main-Kinzig si dne 12. dubna 2022 online vym\u011bnili n\u00e1zory s Martinou Feldmayerovou, mluv\u010d\u00ed parlamentn\u00ed skupiny Zelen\u00fdch pro ochranu \u017eivotn\u00edho prost\u0159ed\u00ed a klimatu, na ochranu les\u016f v Hesensku.<\/p>\n\n\n\n<p>B\u011bhem sv\u00e9 \u00fa\u010dasti ve vl\u00e1d\u011b dos\u00e1hli zelen\u00ed Hesenska mnoho pro ochranu hesensk\u00fdch les\u016f, jako je c\u00edlov\u00fd pod\u00edl p\u0159\u00edrodn\u00edch les\u016f na 10.% zv\u00fd\u0161it, m\u00edt hesensk\u00e9 lesy certifikov\u00e1ny FSC a siln\u011bji chr\u00e1nit Bannwald.<\/p>\n\n\n\n<p>Aby bylo dosa\u017eeno c\u00edl\u016f na \u00farovni pozemk\u016f, mus\u00ed b\u00fdt ochrana les\u016f podporov\u00e1na tak\u00e9 na \u00farovni obc\u00ed. Poslanci zemsk\u00e9ho sn\u011bmu poskytli u\u017eite\u010dn\u00e9 tipy a argumenty, s nimi\u017e mohou na\u0161i m\u00edstn\u00ed politici pod\u00e1vat \u017e\u00e1dosti o ochranu les\u016f.<\/p>\n\n\n\n<p><\/p>","protected":false},"excerpt":{"rendered":"<p>Dne 12. dubna 2022 si z\u00e1stupci m\u00edstn\u00edch sdru\u017een\u00ed a parlamentn\u00edch skupin Zelen\u00fdch v okrese Main-Kinzig online vym\u011bnili n\u00e1zory s Martinou Feldmayerovou, mluv\u010d\u00ed pro ochranu \u017eivotn\u00edho prost\u0159ed\u00ed a klimatu [...]<\/p>","protected":false},"author":-1,"featured_media":0,"comment_status":"open","ping_status":"open","sticky":false,"template":"","format":"standard","meta":{"footnotes":""},"categories":[1,4],"tags":[],"class_list":["post-1023","post","type-post","status-publish","format-standard","hentry","category-allgemein","category-newsortsverbaende"],"_links":{"self":[{"href":"https:\/\/www.gruene-mkk.de\/cs\/wp-json\/wp\/v2\/posts\/1023","targetHints":{"allow":["GET"]}}],"collection":[{"href":"https:\/\/www.gruene-mkk.de\/cs\/wp-json\/wp\/v2\/posts"}],"about":[{"href":"https:\/\/www.gruene-mkk.de\/cs\/wp-json\/wp\/v2\/types\/post"}],"author":[{"embeddable":true,"href":"https:\/\/www.gruene-mkk.de\/cs\/wp-json\/wp\/v2\/users\/2"}],"replies":[{"embeddable":true,"href":"https:\/\/www.gruene-mkk.de\/cs\/wp-json\/wp\/v2\/comments?post=1023"}],"version-history":[{"count":2,"href":"https:\/\/www.gruene-mkk.de\/cs\/wp-json\/wp\/v2\/posts\/1023\/revisions"}],"predecessor-version":[{"id":1026,"href":"https:\/\/www.gruene-mkk.de\/cs\/wp-json\/wp\/v2\/posts\/1023\/revisions\/1026"}],"wp:attachment":[{"href":"https:\/\/www.gruene-mkk.de\/cs\/wp-json\/wp\/v2\/media?parent=1023"}],"wp:term":[{"taxonomy":"category","embeddable":true,"href":"https:\/\/www.gruene-mkk.de\/cs\/wp-json\/wp\/v2\/categories?post=1023"},{"taxonomy":"post_tag","embeddable":true,"href":"https:\/\/www.gruene-mkk.de\/cs\/wp-json\/wp\/v2\/tags?post=1023"}],"curies":[{"name":"wp","href":"https:\/\/api.w.org\/{rel}","templated":true}]}}