{"id":1014,"date":"2022-04-08T14:00:41","date_gmt":"2022-04-08T12:00:41","guid":{"rendered":"https:\/\/www.gruene-mkk.de\/?p=1014"},"modified":"2022-04-08T14:09:33","modified_gmt":"2022-04-08T12:09:33","slug":"wiederwahl-zum-ersten-stadtrat","status":"publish","type":"post","link":"https:\/\/www.gruene-mkk.de\/cs\/wiederwahl-zum-ersten-stadtrat\/","title":{"rendered":"Znovuzvolen\u00ed do prvn\u00ed m\u011bstsk\u00e9 rady"},"content":{"rendered":"<p>Blahop\u0159ejeme Raineru Vogelovi k jeho znovuzvolen\u00ed prvn\u00edm m\u011bstsk\u00fdm radn\u00edm m\u011bsta Nidderau!<\/p>\n\n\n\n<!--more-->\n\n\n\n<p>Zem\u011bd\u011blsk\u00fd in\u017een\u00fdr a \u010dlen Zelen\u00fdch Rainer Vogel byl dne 7. dubna 2022 potvrzen m\u011bstskou radou m\u011bsta Nidderau jako prvn\u00ed \u010dlen m\u011bstsk\u00e9 rady. Od roku 2016 p\u016fsob\u00ed jako m\u011bstsk\u00fd radn\u00ed a v sou\u010dasn\u00e9 dob\u011b je jedin\u00fdm zelen\u00fdm politikem na pln\u00fd \u00favazek v okrese Main-Kinzig. Krom\u011b pr\u00e1ce m\u011bstsk\u00e9ho radn\u00edho je \u010dlenem parlamentn\u00ed skupiny Zelen\u00fd okres, kde se zab\u00fdv\u00e1 p\u0159edev\u0161\u00edm ochranou \u017eivotn\u00edho prost\u0159ed\u00ed a zem\u011bd\u011blstv\u00edm.<\/p>\n\n\n\n<p>M\u011bsto je s jeho znovuzvolen\u00edm spokojeno. D\u011bkujeme Raineru Vogelovi za jeho pr\u00e1ci a p\u0159ejeme mu v\u0161e nejlep\u0161\u00ed a mnoho \u00fasp\u011bch\u016f!<\/p>","protected":false},"excerpt":{"rendered":"<p>Blahop\u0159ejeme Raineru Vogelovi k jeho znovuzvolen\u00ed prvn\u00edm m\u011bstsk\u00fdm radn\u00edm m\u011bsta Nidderau!<\/p>","protected":false},"author":-1,"featured_media":1015,"comment_status":"open","ping_status":"open","sticky":false,"template":"","format":"standard","meta":{"footnotes":""},"categories":[4],"tags":[],"class_list":["post-1014","post","type-post","status-publish","format-standard","has-post-thumbnail","hentry","category-newsortsverbaende"],"_links":{"self":[{"href":"https:\/\/www.gruene-mkk.de\/cs\/wp-json\/wp\/v2\/posts\/1014","targetHints":{"allow":["GET"]}}],"collection":[{"href":"https:\/\/www.gruene-mkk.de\/cs\/wp-json\/wp\/v2\/posts"}],"about":[{"href":"https:\/\/www.gruene-mkk.de\/cs\/wp-json\/wp\/v2\/types\/post"}],"author":[{"embeddable":true,"href":"https:\/\/www.gruene-mkk.de\/cs\/wp-json\/wp\/v2\/users\/2"}],"replies":[{"embeddable":true,"href":"https:\/\/www.gruene-mkk.de\/cs\/wp-json\/wp\/v2\/comments?post=1014"}],"version-history":[{"count":3,"href":"https:\/\/www.gruene-mkk.de\/cs\/wp-json\/wp\/v2\/posts\/1014\/revisions"}],"predecessor-version":[{"id":1018,"href":"https:\/\/www.gruene-mkk.de\/cs\/wp-json\/wp\/v2\/posts\/1014\/revisions\/1018"}],"wp:featuredmedia":[{"embeddable":true,"href":"https:\/\/www.gruene-mkk.de\/cs\/wp-json\/wp\/v2\/media\/1015"}],"wp:attachment":[{"href":"https:\/\/www.gruene-mkk.de\/cs\/wp-json\/wp\/v2\/media?parent=1014"}],"wp:term":[{"taxonomy":"category","embeddable":true,"href":"https:\/\/www.gruene-mkk.de\/cs\/wp-json\/wp\/v2\/categories?post=1014"},{"taxonomy":"post_tag","embeddable":true,"href":"https:\/\/www.gruene-mkk.de\/cs\/wp-json\/wp\/v2\/tags?post=1014"}],"curies":[{"name":"wp","href":"https:\/\/api.w.org\/{rel}","templated":true}]}}