{"id":1009,"date":"2022-03-07T12:32:00","date_gmt":"2022-03-07T11:32:00","guid":{"rendered":"https:\/\/www.gruene-mkk.de\/?p=1009"},"modified":"2022-04-07T12:59:52","modified_gmt":"2022-04-07T10:59:52","slug":"neustart-in-neuberg","status":"publish","type":"post","link":"https:\/\/www.gruene-mkk.de\/cs\/neustart-in-neuberg\/","title":{"rendered":"Restartujte v Neubergu"},"content":{"rendered":"<p>Andrea H\u00fcller a Andreas K\u00f6gel zvoleni nov\u00fdmi p\u0159edsedy Gr\u00fcne Neuberg<\/p>\n\n\n\n<!--more-->\n\n\n\n<p>Dne 4. b\u0159ezna 2022 se \u010dlenov\u00e9 sdru\u017een\u00ed B\u00fcndnis90\/GR\u00dcNE a zainteresovan\u00ed ob\u010dan\u00e9 setkali na valn\u00e9m shrom\u00e1\u017ed\u011bn\u00ed v B\u00fcrgerhausu. P\u0159iv\u00edtal je druh\u00fd. P\u0159edseda m\u00edstn\u00edho sdru\u017een\u00ed Markus Walther. Poznamenal, \u017ee pozv\u00e1nky byly u\u010din\u011bny \u0159\u00e1dn\u011b, a pot\u00e9 p\u0159edal slovo t\u011bm, kte\u0159\u00ed byli p\u0159\u00edtomni v okresn\u00edm sdru\u017een\u00ed. <\/p>\n\n\n\n<p>Okresn\u00ed sdru\u017een\u00ed, zastoupen\u00e9 Mareike Forchheim, Ahmet Cetiner a Joachim Nickel pak vedl p\u0159es dal\u0161\u00ed pr\u016fb\u011bh ve\u010dera. Pro nadch\u00e1zej\u00edc\u00ed volbu v\u00fdkonn\u00e9 rady se dva kandid\u00e1ti dohodli, \u017ee do budoucna povedou m\u00edstn\u00ed sdru\u017een\u00ed GR\u00dcNE Neuberg\/Hessen.<\/p>\n\n\n\n<p>Andreas K\u00f6gl a Andrea H\u00fcller byli jednomysln\u011b zvoleni do V\u00fdkonn\u00e9 rady. Zvl\u00e1\u0161tn\u00ed pod\u011bkov\u00e1n\u00ed pat\u0159\u00ed \u00fa\u010dastn\u00edk\u016fm okresn\u00ed rady, kte\u0159\u00ed n\u00e1m dnes ve\u010der v\u011bnovali spoustu \u010dasu a trp\u011bliv\u011b n\u00e1s sezn\u00e1mili s redesignem m\u00edstn\u00edho sdru\u017een\u00ed. Velk\u00e9 pod\u011bkov\u00e1n\u00ed pat\u0159\u00ed tak\u00e9 na\u0161emu dlouholet\u00e9mu \u010dlenovi Werneru Kunkelovi za jeho p\u0159\u00edtomnost, stejn\u011b jako p\u0159edchoz\u00edmu 2. p\u0159edsedovi, Markusu Waltherovi, kter\u00fd rezignoval na svou funkci, proto\u017ee v bl\u00edzk\u00e9 budoucnosti p\u0159esune sv\u00e9 \u017eivotn\u00ed centrum do Saska-Anhaltska.<\/p>","protected":false},"excerpt":{"rendered":"<p>Andrea H\u00fcller a Andreas K\u00f6gel zvoleni nov\u00fdmi p\u0159edsedy Gr\u00fcne Neuberg<\/p>","protected":false},"author":-1,"featured_media":1010,"comment_status":"open","ping_status":"open","sticky":false,"template":"","format":"standard","meta":{"footnotes":""},"categories":[4],"tags":[],"class_list":["post-1009","post","type-post","status-publish","format-standard","has-post-thumbnail","hentry","category-newsortsverbaende"],"_links":{"self":[{"href":"https:\/\/www.gruene-mkk.de\/cs\/wp-json\/wp\/v2\/posts\/1009","targetHints":{"allow":["GET"]}}],"collection":[{"href":"https:\/\/www.gruene-mkk.de\/cs\/wp-json\/wp\/v2\/posts"}],"about":[{"href":"https:\/\/www.gruene-mkk.de\/cs\/wp-json\/wp\/v2\/types\/post"}],"author":[{"embeddable":true,"href":"https:\/\/www.gruene-mkk.de\/cs\/wp-json\/wp\/v2\/users\/2"}],"replies":[{"embeddable":true,"href":"https:\/\/www.gruene-mkk.de\/cs\/wp-json\/wp\/v2\/comments?post=1009"}],"version-history":[{"count":1,"href":"https:\/\/www.gruene-mkk.de\/cs\/wp-json\/wp\/v2\/posts\/1009\/revisions"}],"predecessor-version":[{"id":1011,"href":"https:\/\/www.gruene-mkk.de\/cs\/wp-json\/wp\/v2\/posts\/1009\/revisions\/1011"}],"wp:featuredmedia":[{"embeddable":true,"href":"https:\/\/www.gruene-mkk.de\/cs\/wp-json\/wp\/v2\/media\/1010"}],"wp:attachment":[{"href":"https:\/\/www.gruene-mkk.de\/cs\/wp-json\/wp\/v2\/media?parent=1009"}],"wp:term":[{"taxonomy":"category","embeddable":true,"href":"https:\/\/www.gruene-mkk.de\/cs\/wp-json\/wp\/v2\/categories?post=1009"},{"taxonomy":"post_tag","embeddable":true,"href":"https:\/\/www.gruene-mkk.de\/cs\/wp-json\/wp\/v2\/tags?post=1009"}],"curies":[{"name":"wp","href":"https:\/\/api.w.org\/{rel}","templated":true}]}}